{"id":1050,"date":"2019-05-27T14:31:49","date_gmt":"2019-05-27T12:31:49","guid":{"rendered":"https:\/\/budokanporrentruy.ch\/?p=1050"},"modified":"2019-05-27T15:33:48","modified_gmt":"2019-05-27T13:33:48","slug":"tournoi-de-sierre-ranking-500","status":"publish","type":"post","link":"https:\/\/budokanporrentruy.ch\/index.php\/2019\/05\/27\/tournoi-de-sierre-ranking-500\/","title":{"rendered":"Tournoi de Sierre &#8211; Ranking 500"},"content":{"rendered":"<p style=\"text-align: justify;\">Ainsi, avec 5 participations, le Budo-Kan Porrentruy rentre avec 3 m\u00e9dailles et 2 places d\u2019honneur du d\u00e9placement valaisan.C\u2019est la ville de Sierre qui recevait ce samedi 25 mai 2019 la manche du ranking national. Pour le Budo-Kan Porrentruy, c\u2019est 3 combattants qui ont foul\u00e9 les tatamis du club organisateur.<\/p>\n<p style=\"text-align: justify;\">Pour commencer la journ\u00e9e, c\u2019est Ludovic DE SMET qui a eu l\u2019honneur d\u2019ouvrir les feux. Comme cela est son habitude cette ann\u00e9e, il reste trop frais pour sa cat\u00e9gorie Espoir \u2013 81 kg. Il termine \u00e0 la 5\u00e8me place avec que des d\u00e9faites, mais un point ranking, qui fait toujours du bien. Par contre, superbe motivation dans ses combats m\u00eame si cela ne suffit plus. Courage\u00a0!<!--more-->Pour la 2\u00e8me repr\u00e9sentante, Alexia SCHAFFTER (Espoir Fille \u2013 57 kg) avec 15 participantes, termine au pied du podium \u00e0 une belle 5\u00e8me place avec 2 victoires et 2 d\u00e9faites. L\u00e0 aussi, la motivation n\u2019a pas suffi et pour une fois le podium n\u2019est pas atteint.<\/p>\n<div id=\"attachment_1060\" style=\"width: 211px\" class=\"wp-caption alignleft\"><img loading=\"lazy\" decoding=\"async\" aria-describedby=\"caption-attachment-1060\" class=\"wp-image-1060\" src=\"https:\/\/budokanporrentruy.ch\/wp-content\/uploads\/2019\/05\/PHOTO-2019-05-25-19-19-51-1-300x285.jpg\" alt=\"\" width=\"201\" height=\"191\" srcset=\"https:\/\/budokanporrentruy.ch\/wp-content\/uploads\/2019\/05\/PHOTO-2019-05-25-19-19-51-1-300x285.jpg 300w, https:\/\/budokanporrentruy.ch\/wp-content\/uploads\/2019\/05\/PHOTO-2019-05-25-19-19-51-1-768x731.jpg 768w, https:\/\/budokanporrentruy.ch\/wp-content\/uploads\/2019\/05\/PHOTO-2019-05-25-19-19-51-1-1024x974.jpg 1024w, https:\/\/budokanporrentruy.ch\/wp-content\/uploads\/2019\/05\/PHOTO-2019-05-25-19-19-51-1.jpg 1282w\" sizes=\"(max-width: 201px) 100vw, 201px\" \/><p id=\"caption-attachment-1060\" class=\"wp-caption-text\"><span style=\"font-size: 8pt;\"><em>Jessica Gurba &#8211; m\u00e9daille d&rsquo;or<\/em><\/span><\/p><\/div>\n<p style=\"text-align: justify;\">La performance de la journ\u00e9e est \u00e0 mettre sur le compte de Jessica GURBA (Dame \u2013 57 kg) qui apr\u00e8s 2 victoires termine \u00e0 la 1\u00e8re place et remporte l\u2019or. Malheureusement, 30 secondes avant qu\u2019elle ne gagne son dernier combat par Ippon, Jessica a \u00e9t\u00e9 bless\u00e9e au coude lors d\u2019une projection. Il est possible que le ligament soit d\u00e9chir\u00e9, mais on en saura plus ces prochains jours !<\/p>\n<p style=\"text-align: justify;\">La journ\u00e9e de dimanche \u00e9tait consacr\u00e9e aux enfants et c\u2019est 2 judokas du club qui se sont mis \u00e0 l\u2019honneur.<\/p>\n<p style=\"text-align: justify;\">Pour sa premi\u00e8re comp\u00e9tition nationale, Lily FRIDEZ (Fille B 2007\u20132008) monte, un peu \u00e0 sa grande surprise, sur le podium dans un groupe de 8 judokates. Dans sa poule qualificative, elle termine 2\u00e8me avec 2 victoires et 1 d\u00e9faite. Qualifi\u00e9e en demi-finale, elle perd son combat avec un peu de stress. Et c\u2019est avec une belle et m\u00e9rit\u00e9e m\u00e9daille de bronze qu\u2019elle revient de son voyage valaisan. Bravo\u00a0!<\/p>\n<p>Pour Justine DE SMET (Fille A \u2013 36 kg), la m\u00e9daille de bronze la console un peu apr\u00e8s 3 d\u00e9faites.<\/p>\n<div id=\"attachment_1052\" style=\"width: 268px\" class=\"wp-caption alignleft\"><img loading=\"lazy\" decoding=\"async\" aria-describedby=\"caption-attachment-1052\" class=\"wp-image-1052\" src=\"https:\/\/budokanporrentruy.ch\/wp-content\/uploads\/2019\/05\/Lily-Bronze-300x209.jpg\" alt=\"\" width=\"258\" height=\"180\" srcset=\"https:\/\/budokanporrentruy.ch\/wp-content\/uploads\/2019\/05\/Lily-Bronze-300x209.jpg 300w, https:\/\/budokanporrentruy.ch\/wp-content\/uploads\/2019\/05\/Lily-Bronze-768x534.jpg 768w, https:\/\/budokanporrentruy.ch\/wp-content\/uploads\/2019\/05\/Lily-Bronze-1024x712.jpg 1024w, https:\/\/budokanporrentruy.ch\/wp-content\/uploads\/2019\/05\/Lily-Bronze.jpg 1187w\" sizes=\"(max-width: 258px) 100vw, 258px\" \/><p id=\"caption-attachment-1052\" class=\"wp-caption-text\"><em><span style=\"font-size: 8pt;\">Lily Fridez &#8211; m\u00e9daille de bronze<\/span><\/em><\/p><\/div>\n<div id=\"attachment_1054\" style=\"width: 238px\" class=\"wp-caption alignright\"><img loading=\"lazy\" decoding=\"async\" aria-describedby=\"caption-attachment-1054\" class=\"wp-image-1054\" src=\"https:\/\/budokanporrentruy.ch\/wp-content\/uploads\/2019\/05\/Justine-Bronze-300x182.jpg\" alt=\"\" width=\"228\" height=\"138\" srcset=\"https:\/\/budokanporrentruy.ch\/wp-content\/uploads\/2019\/05\/Justine-Bronze-300x182.jpg 300w, https:\/\/budokanporrentruy.ch\/wp-content\/uploads\/2019\/05\/Justine-Bronze-768x466.jpg 768w, https:\/\/budokanporrentruy.ch\/wp-content\/uploads\/2019\/05\/Justine-Bronze-1024x621.jpg 1024w\" sizes=\"(max-width: 228px) 100vw, 228px\" \/><p id=\"caption-attachment-1054\" class=\"wp-caption-text\"><span style=\"font-size: 8pt;\"><em>Justine De Smet &#8211; m\u00e9daille de bronze<\/em><\/span><\/p><\/div>\n","protected":false},"excerpt":{"rendered":"<p>Ainsi, avec 5 participations, le Budo-Kan Porrentruy rentre avec 3 m\u00e9dailles et 2 places d\u2019honneur du d\u00e9placement valaisan.C\u2019est la ville de Sierre qui recevait ce samedi 25 mai 2019 la manche du ranking national. Pour le Budo-Kan Porrentruy, c\u2019est 3 combattants qui ont foul\u00e9 les tatamis du club organisateur. Pour commencer la journ\u00e9e, c\u2019est Ludovic&#8230;<\/p>\n<p><a href=\"https:\/\/budokanporrentruy.ch\/index.php\/2019\/05\/27\/tournoi-de-sierre-ranking-500\/\"><span class=\"glyphicon glyphicon-arrow-right\"><\/span>&nbsp;Poursuivre la lecture<\/a><\/p>","protected":false},"author":1,"featured_media":0,"comment_status":"closed","ping_status":"closed","sticky":false,"template":"","format":"standard","meta":{"footnotes":""},"categories":[1],"tags":[],"class_list":["post-1050","post","type-post","status-publish","format-standard","hentry","category-non-classe"],"_links":{"self":[{"href":"https:\/\/budokanporrentruy.ch\/index.php\/wp-json\/wp\/v2\/posts\/1050"}],"collection":[{"href":"https:\/\/budokanporrentruy.ch\/index.php\/wp-json\/wp\/v2\/posts"}],"about":[{"href":"https:\/\/budokanporrentruy.ch\/index.php\/wp-json\/wp\/v2\/types\/post"}],"author":[{"embeddable":true,"href":"https:\/\/budokanporrentruy.ch\/index.php\/wp-json\/wp\/v2\/users\/1"}],"replies":[{"embeddable":true,"href":"https:\/\/budokanporrentruy.ch\/index.php\/wp-json\/wp\/v2\/comments?post=1050"}],"version-history":[{"count":11,"href":"https:\/\/budokanporrentruy.ch\/index.php\/wp-json\/wp\/v2\/posts\/1050\/revisions"}],"predecessor-version":[{"id":1071,"href":"https:\/\/budokanporrentruy.ch\/index.php\/wp-json\/wp\/v2\/posts\/1050\/revisions\/1071"}],"wp:attachment":[{"href":"https:\/\/budokanporrentruy.ch\/index.php\/wp-json\/wp\/v2\/media?parent=1050"}],"wp:term":[{"taxonomy":"category","embeddable":true,"href":"https:\/\/budokanporrentruy.ch\/index.php\/wp-json\/wp\/v2\/categories?post=1050"},{"taxonomy":"post_tag","embeddable":true,"href":"https:\/\/budokanporrentruy.ch\/index.php\/wp-json\/wp\/v2\/tags?post=1050"}],"curies":[{"name":"wp","href":"https:\/\/api.w.org\/{rel}","templated":true}]}}