{"id":1088,"date":"2019-06-27T14:50:04","date_gmt":"2019-06-27T12:50:04","guid":{"rendered":"https:\/\/budokanporrentruy.ch\/?p=1088"},"modified":"2019-06-27T14:59:24","modified_gmt":"2019-06-27T12:59:24","slug":"48eme-tournoi-national-de-spiez-ranking-500","status":"publish","type":"post","link":"https:\/\/budokanporrentruy.ch\/index.php\/2019\/06\/27\/48eme-tournoi-national-de-spiez-ranking-500\/","title":{"rendered":"48\u00e8me tournoi national de Spiez &#8211; Ranking 500"},"content":{"rendered":"<p style=\"text-align: justify;\">Le samedi 15 juin dernier, les judokas se devaient de participer \u00e0 la 9\u00e8me manche du ranking 2019. C\u2019\u00e9tait la derni\u00e8re avant les vacances et il reste 2 manches au programme. Pour le club, c\u2019est 3 sportifs qui se sont d\u00e9plac\u00e9s sur les tatamis bernois du club de Spiez.<\/p>\n<p style=\"text-align: justify;\">Dans une cat\u00e9gorie de 9 judokas, en Espoir -81 kg, Ludovic DE SMET termine malheureusement \u00e0 une 7\u00e8me place avec 3 d\u00e9faites.<\/p>\n<p style=\"text-align: justify;\"><img loading=\"lazy\" decoding=\"async\" class=\" wp-image-1090 alignleft\" src=\"https:\/\/budokanporrentruy.ch\/wp-content\/uploads\/2019\/06\/004-300x224.jpg\" alt=\"\" width=\"161\" height=\"120\" srcset=\"https:\/\/budokanporrentruy.ch\/wp-content\/uploads\/2019\/06\/004-300x224.jpg 300w, https:\/\/budokanporrentruy.ch\/wp-content\/uploads\/2019\/06\/004-768x573.jpg 768w, https:\/\/budokanporrentruy.ch\/wp-content\/uploads\/2019\/06\/004-1024x764.jpg 1024w, https:\/\/budokanporrentruy.ch\/wp-content\/uploads\/2019\/06\/004.jpg 1392w\" sizes=\"(max-width: 161px) 100vw, 161px\" \/>Comme cela est une habitude au club, faut attendre les cat\u00e9gories f\u00e9minines pour que le club sorte les griffes. c\u2019est sa camarade Alexia SCHAFFTER (Espoir Fille \u201363 kg) qui a montr\u00e9 l\u2019exemple. Mauvaise surprise au d\u00e9part, puisque la pes\u00e9e l\u2019a condamn\u00e9e \u00e0 monter en -63 kg . Mais malgr\u00e9 sa frustration, elle a r\u00e9ussi \u00e0 monter sur le podium avec 2 d\u00e9faites et 3 victoires, qui la propulsent au 3\u00e8me rang.<\/p>\n<p style=\"text-align: justify;\">La derni\u00e8re repr\u00e9sentante a fait encore mieux.<img loading=\"lazy\" decoding=\"async\" class=\" wp-image-1091 alignright\" src=\"https:\/\/budokanporrentruy.ch\/wp-content\/uploads\/2019\/06\/003-300x236.jpg\" alt=\"\" width=\"201\" height=\"158\" srcset=\"https:\/\/budokanporrentruy.ch\/wp-content\/uploads\/2019\/06\/003-300x236.jpg 300w, https:\/\/budokanporrentruy.ch\/wp-content\/uploads\/2019\/06\/003-768x604.jpg 768w, https:\/\/budokanporrentruy.ch\/wp-content\/uploads\/2019\/06\/003.jpg 1023w\" sizes=\"(max-width: 201px) 100vw, 201px\" \/> Jessica GURBA (Dame \u201357 kg) remporte la m\u00e9daille d\u2019or avec 4 victoires probantes. Elle termine cette 1\u00e8re partie de la saison \u00e0 une 4\u00e8me place au ranking national.<\/p>\n<p style=\"text-align: justify;\">Signalons au passage, que les 3 judokas sont normalement qualifi\u00e9s pour les finales nationales au mois de novembre.<\/p>\n<p style=\"text-align: justify;\">Pour la journ\u00e9e de dimanche, les judokas se sont donn\u00e9s rendez-vous sur les tatamis bernois pour la derni\u00e8re comp\u00e9tition avant les vacances, toujours sur les surfaces du JJJC Spiez qui organisait sa 48\u00e8me \u00e9dition pour les enfants.<\/p>\n<p style=\"text-align: justify;\">Pour le club, seule Justine DE SMET (Fille A -36 kg, 2005-2006) a particip\u00e9. Dans une cat\u00e9gorie de 4 combattantes, elle termine 3\u00e8me de son groupe avec 1 victoire pour 2 d\u00e9faites.<\/p>\n","protected":false},"excerpt":{"rendered":"<p>Le samedi 15 juin dernier, les judokas se devaient de participer \u00e0 la 9\u00e8me manche du ranking 2019. C\u2019\u00e9tait la derni\u00e8re avant les vacances et il reste 2 manches au programme. Pour le club, c\u2019est 3 sportifs qui se sont d\u00e9plac\u00e9s sur les tatamis bernois du club de Spiez. Dans une cat\u00e9gorie de 9 judokas,&#8230;<\/p>\n<p><a href=\"https:\/\/budokanporrentruy.ch\/index.php\/2019\/06\/27\/48eme-tournoi-national-de-spiez-ranking-500\/\"><span class=\"glyphicon glyphicon-arrow-right\"><\/span>&nbsp;Poursuivre la lecture<\/a><\/p>","protected":false},"author":1,"featured_media":0,"comment_status":"closed","ping_status":"closed","sticky":false,"template":"","format":"standard","meta":{"footnotes":""},"categories":[1],"tags":[],"class_list":["post-1088","post","type-post","status-publish","format-standard","hentry","category-non-classe"],"_links":{"self":[{"href":"https:\/\/budokanporrentruy.ch\/index.php\/wp-json\/wp\/v2\/posts\/1088"}],"collection":[{"href":"https:\/\/budokanporrentruy.ch\/index.php\/wp-json\/wp\/v2\/posts"}],"about":[{"href":"https:\/\/budokanporrentruy.ch\/index.php\/wp-json\/wp\/v2\/types\/post"}],"author":[{"embeddable":true,"href":"https:\/\/budokanporrentruy.ch\/index.php\/wp-json\/wp\/v2\/users\/1"}],"replies":[{"embeddable":true,"href":"https:\/\/budokanporrentruy.ch\/index.php\/wp-json\/wp\/v2\/comments?post=1088"}],"version-history":[{"count":3,"href":"https:\/\/budokanporrentruy.ch\/index.php\/wp-json\/wp\/v2\/posts\/1088\/revisions"}],"predecessor-version":[{"id":1093,"href":"https:\/\/budokanporrentruy.ch\/index.php\/wp-json\/wp\/v2\/posts\/1088\/revisions\/1093"}],"wp:attachment":[{"href":"https:\/\/budokanporrentruy.ch\/index.php\/wp-json\/wp\/v2\/media?parent=1088"}],"wp:term":[{"taxonomy":"category","embeddable":true,"href":"https:\/\/budokanporrentruy.ch\/index.php\/wp-json\/wp\/v2\/categories?post=1088"},{"taxonomy":"post_tag","embeddable":true,"href":"https:\/\/budokanporrentruy.ch\/index.php\/wp-json\/wp\/v2\/tags?post=1088"}],"curies":[{"name":"wp","href":"https:\/\/api.w.org\/{rel}","templated":true}]}}