{"id":1118,"date":"2019-07-03T14:02:14","date_gmt":"2019-07-03T12:02:14","guid":{"rendered":"https:\/\/budokanporrentruy.ch\/?p=1118"},"modified":"2019-07-03T14:40:44","modified_gmt":"2019-07-03T12:40:44","slug":"tournoi-interne-judo-2019","status":"publish","type":"post","link":"https:\/\/budokanporrentruy.ch\/index.php\/2019\/07\/03\/tournoi-interne-judo-2019\/","title":{"rendered":"Tournoi interne judo 2019"},"content":{"rendered":"<p style=\"text-align: justify;\"><span lang=\"FR\" style=\"font-family: 'Comic Sans MS';\"><span style=\"color: #000000; font-size: medium;\">Samedi 29 juin 2019, devant environ une quinzaine de parents et amis, s\u2019est d\u00e9roul\u00e9 le championnat interne du judo. Cette manifestation tr\u00e8s symbolique a pour but de rigoler un bon coup et de terminer ainsi la saison \u00e9prouvante sereinement.<img loading=\"lazy\" decoding=\"async\" class=\" wp-image-1120 alignright\" src=\"https:\/\/budokanporrentruy.ch\/wp-content\/uploads\/2019\/07\/IMG_0914-300x225.jpg\" alt=\"\" width=\"245\" height=\"184\" srcset=\"https:\/\/budokanporrentruy.ch\/wp-content\/uploads\/2019\/07\/IMG_0914-300x225.jpg 300w, https:\/\/budokanporrentruy.ch\/wp-content\/uploads\/2019\/07\/IMG_0914-768x576.jpg 768w, https:\/\/budokanporrentruy.ch\/wp-content\/uploads\/2019\/07\/IMG_0914-1024x768.jpg 1024w\" sizes=\"(max-width: 245px) 100vw, 245px\" \/><\/span><\/span><\/p>\n<p style=\"text-align: justify;\"><span lang=\"FR\" style=\"font-family: 'Comic Sans MS';\"><span style=\"color: #000000; font-size: medium;\">Mais pour cette \u00e9dition, certainement pour cause de soleil et inauguration de la piscine, seulement 9 courageux judokas se sont affront\u00e9s dans le dojo tr\u00e8s frais par rapport aux conditions ext\u00e9rieures.<\/span><\/span><span lang=\"FR\" style=\"font-family: 'Comic Sans MS';\"><span style=\"color: #000000; font-size: medium;\">\u00a0<\/span><\/span><\/p>\n<p style=\"text-align: justify;\"><span lang=\"FR\" style=\"font-family: 'Comic Sans MS';\"><span style=\"color: #000000; font-size: medium;\">Les combats arbitr\u00e9s par les jeunes du club ont permis d\u2019obtenir les r\u00e9sultats suivants\u00a0:<\/span><\/span><\/p>\n<p><!--more--><\/p>\n<p><img loading=\"lazy\" decoding=\"async\" class=\" wp-image-1123 alignright\" src=\"https:\/\/budokanporrentruy.ch\/wp-content\/uploads\/2019\/07\/IMG_0904-300x225.jpg\" alt=\"\" width=\"235\" height=\"176\" srcset=\"https:\/\/budokanporrentruy.ch\/wp-content\/uploads\/2019\/07\/IMG_0904-300x225.jpg 300w, https:\/\/budokanporrentruy.ch\/wp-content\/uploads\/2019\/07\/IMG_0904-768x576.jpg 768w, https:\/\/budokanporrentruy.ch\/wp-content\/uploads\/2019\/07\/IMG_0904-1024x768.jpg 1024w\" sizes=\"(max-width: 235px) 100vw, 235px\" \/><\/p>\n<table>\n<tbody>\n<tr>\n<td colspan=\"2\"><strong>Cat\u00e9gorie \u00ab\u00a0Enfant\u00a0\u00bb<\/strong><\/td>\n<\/tr>\n<tr>\n<td>1<\/td>\n<td>Justine De Smet<\/td>\n<\/tr>\n<tr>\n<td>2<\/td>\n<td>Elisa Cattin<\/td>\n<\/tr>\n<tr>\n<td>3<\/td>\n<td>Marie Nobs<\/td>\n<\/tr>\n<tr>\n<td>3<\/td>\n<td>Gwendolyn Bertinotti<\/td>\n<\/tr>\n<\/tbody>\n<\/table>\n<p><img loading=\"lazy\" decoding=\"async\" class=\" wp-image-1122 alignleft\" src=\"https:\/\/budokanporrentruy.ch\/wp-content\/uploads\/2019\/07\/IMG_0906-300x225.jpg\" alt=\"\" width=\"239\" height=\"179\" srcset=\"https:\/\/budokanporrentruy.ch\/wp-content\/uploads\/2019\/07\/IMG_0906-300x225.jpg 300w, https:\/\/budokanporrentruy.ch\/wp-content\/uploads\/2019\/07\/IMG_0906-768x576.jpg 768w, https:\/\/budokanporrentruy.ch\/wp-content\/uploads\/2019\/07\/IMG_0906-1024x768.jpg 1024w\" sizes=\"(max-width: 239px) 100vw, 239px\" \/><\/p>\n<table style=\"height: 212px;\" width=\"191\">\n<tbody>\n<tr>\n<td style=\"width: 181px;\" colspan=\"2\"><strong>Cat\u00e9gorie \u00ab\u00a0Espoir\u00a0\u00bb<\/strong><\/td>\n<\/tr>\n<tr>\n<td style=\"width: 12.06px;\">1<\/td>\n<td style=\"width: 162.94px;\">Boris Draghinda<\/td>\n<\/tr>\n<tr>\n<td style=\"width: 12.06px;\">2<\/td>\n<td style=\"width: 162.94px;\">Ludovic De Smet<\/td>\n<\/tr>\n<tr>\n<td style=\"width: 12.06px;\">3<\/td>\n<td style=\"width: 162.94px;\">Axel Adatte<\/td>\n<\/tr>\n<tr>\n<td style=\"width: 12.06px;\">3<\/td>\n<td style=\"width: 162.94px;\">Alexia Schaffter<\/td>\n<\/tr>\n<tr>\n<td style=\"width: 12.06px;\">5<\/td>\n<td style=\"width: 162.94px;\">Marie Draghinda<\/td>\n<\/tr>\n<\/tbody>\n<\/table>\n<p><img loading=\"lazy\" decoding=\"async\" class=\" wp-image-1121 alignright\" src=\"https:\/\/budokanporrentruy.ch\/wp-content\/uploads\/2019\/07\/IMG_0909-300x225.jpg\" alt=\"\" width=\"249\" height=\"187\" srcset=\"https:\/\/budokanporrentruy.ch\/wp-content\/uploads\/2019\/07\/IMG_0909-300x225.jpg 300w, https:\/\/budokanporrentruy.ch\/wp-content\/uploads\/2019\/07\/IMG_0909-768x576.jpg 768w, https:\/\/budokanporrentruy.ch\/wp-content\/uploads\/2019\/07\/IMG_0909-1024x768.jpg 1024w\" sizes=\"(max-width: 249px) 100vw, 249px\" \/><\/p>\n<table>\n<tbody>\n<tr>\n<td colspan=\"2\"><span style=\"font-size: 12pt;\"><strong>Cat\u00e9gorie \u00ab\u00a0Open\u00a0\u00bb<\/strong><\/span><\/td>\n<\/tr>\n<tr>\n<td>1<\/td>\n<td>Marie Nobs<\/td>\n<\/tr>\n<tr>\n<td>2<\/td>\n<td>Justine De Smet<\/td>\n<\/tr>\n<tr>\n<td>3<\/td>\n<td>Gwendolyn Bertinotti<\/td>\n<\/tr>\n<tr>\n<td>3<\/td>\n<td>Elisa Cattin<\/td>\n<\/tr>\n<tr>\n<td>5<\/td>\n<td>Marie Draghinda<\/td>\n<\/tr>\n<tr>\n<td>5<\/td>\n<td>Axel Adatte<\/td>\n<\/tr>\n<\/tbody>\n<\/table>\n","protected":false},"excerpt":{"rendered":"<p>Samedi 29 juin 2019, devant environ une quinzaine de parents et amis, s\u2019est d\u00e9roul\u00e9 le championnat interne du judo. Cette manifestation tr\u00e8s symbolique a pour but de rigoler un bon coup et de terminer ainsi la saison \u00e9prouvante sereinement. Mais pour cette \u00e9dition, certainement pour cause de soleil et inauguration de la piscine, seulement 9&#8230;<\/p>\n<p><a href=\"https:\/\/budokanporrentruy.ch\/index.php\/2019\/07\/03\/tournoi-interne-judo-2019\/\"><span class=\"glyphicon glyphicon-arrow-right\"><\/span>&nbsp;Poursuivre la lecture<\/a><\/p>","protected":false},"author":1,"featured_media":0,"comment_status":"closed","ping_status":"closed","sticky":false,"template":"","format":"standard","meta":{"footnotes":""},"categories":[1],"tags":[],"class_list":["post-1118","post","type-post","status-publish","format-standard","hentry","category-non-classe"],"_links":{"self":[{"href":"https:\/\/budokanporrentruy.ch\/index.php\/wp-json\/wp\/v2\/posts\/1118"}],"collection":[{"href":"https:\/\/budokanporrentruy.ch\/index.php\/wp-json\/wp\/v2\/posts"}],"about":[{"href":"https:\/\/budokanporrentruy.ch\/index.php\/wp-json\/wp\/v2\/types\/post"}],"author":[{"embeddable":true,"href":"https:\/\/budokanporrentruy.ch\/index.php\/wp-json\/wp\/v2\/users\/1"}],"replies":[{"embeddable":true,"href":"https:\/\/budokanporrentruy.ch\/index.php\/wp-json\/wp\/v2\/comments?post=1118"}],"version-history":[{"count":4,"href":"https:\/\/budokanporrentruy.ch\/index.php\/wp-json\/wp\/v2\/posts\/1118\/revisions"}],"predecessor-version":[{"id":1127,"href":"https:\/\/budokanporrentruy.ch\/index.php\/wp-json\/wp\/v2\/posts\/1118\/revisions\/1127"}],"wp:attachment":[{"href":"https:\/\/budokanporrentruy.ch\/index.php\/wp-json\/wp\/v2\/media?parent=1118"}],"wp:term":[{"taxonomy":"category","embeddable":true,"href":"https:\/\/budokanporrentruy.ch\/index.php\/wp-json\/wp\/v2\/categories?post=1118"},{"taxonomy":"post_tag","embeddable":true,"href":"https:\/\/budokanporrentruy.ch\/index.php\/wp-json\/wp\/v2\/tags?post=1118"}],"curies":[{"name":"wp","href":"https:\/\/api.w.org\/{rel}","templated":true}]}}