{"id":1128,"date":"2019-07-03T15:08:20","date_gmt":"2019-07-03T13:08:20","guid":{"rendered":"https:\/\/budokanporrentruy.ch\/?p=1128"},"modified":"2019-07-03T15:09:18","modified_gmt":"2019-07-03T13:09:18","slug":"entrainement-avec-michele-quaranta-a-porrentruy","status":"publish","type":"post","link":"https:\/\/budokanporrentruy.ch\/index.php\/2019\/07\/03\/entrainement-avec-michele-quaranta-a-porrentruy\/","title":{"rendered":"Entra\u00eenement A\u00efkido avec Michele Quaranta"},"content":{"rendered":"<p style=\"text-align: justify;\">Lundi 24 juin dernier, la section A\u00efkido a organis\u00e9 un entra\u00eenement avec la pr\u00e9sence de Michele Quaranta (6\u00e8me Dan Aikikai et Shian reconnu de l&rsquo;Hombu dojo au Japon).<img loading=\"lazy\" decoding=\"async\" class=\"size-medium wp-image-1101 alignright\" src=\"https:\/\/budokanporrentruy.ch\/wp-content\/uploads\/2019\/06\/Photo-25.06.19-21-55-29-300x163.jpg\" alt=\"\" width=\"300\" height=\"163\" srcset=\"https:\/\/budokanporrentruy.ch\/wp-content\/uploads\/2019\/06\/Photo-25.06.19-21-55-29-300x163.jpg 300w, https:\/\/budokanporrentruy.ch\/wp-content\/uploads\/2019\/06\/Photo-25.06.19-21-55-29-768x418.jpg 768w, https:\/\/budokanporrentruy.ch\/wp-content\/uploads\/2019\/06\/Photo-25.06.19-21-55-29-1024x557.jpg 1024w, https:\/\/budokanporrentruy.ch\/wp-content\/uploads\/2019\/06\/Photo-25.06.19-21-55-29.jpg 1600w\" sizes=\"(max-width: 300px) 100vw, 300px\" \/><\/p>\n<p style=\"text-align: justify;\">Ainsi, les membres de la section ont pu profiter de ses grandes connaissances qui sont tr\u00e8s enrichissantes et appr\u00e9ci\u00e9es par les membres.<!--more--><\/p>\n<p><img loading=\"lazy\" decoding=\"async\" class=\"alignnone  wp-image-1106\" src=\"https:\/\/budokanporrentruy.ch\/wp-content\/uploads\/2019\/06\/Photo-25.06.19-21-55-25-267x300.jpg\" alt=\"\" width=\"202\" height=\"227\" srcset=\"https:\/\/budokanporrentruy.ch\/wp-content\/uploads\/2019\/06\/Photo-25.06.19-21-55-25-267x300.jpg 267w, https:\/\/budokanporrentruy.ch\/wp-content\/uploads\/2019\/06\/Photo-25.06.19-21-55-25-768x862.jpg 768w, https:\/\/budokanporrentruy.ch\/wp-content\/uploads\/2019\/06\/Photo-25.06.19-21-55-25-912x1024.jpg 912w, https:\/\/budokanporrentruy.ch\/wp-content\/uploads\/2019\/06\/Photo-25.06.19-21-55-25.jpg 1397w\" sizes=\"(max-width: 202px) 100vw, 202px\" \/> \u00a0\u00a0\u00a0\u00a0 <img loading=\"lazy\" decoding=\"async\" class=\"alignnone  wp-image-1105\" src=\"https:\/\/budokanporrentruy.ch\/wp-content\/uploads\/2019\/06\/Photo-25.06.19-21-55-24-1-300x200.jpg\" alt=\"\" width=\"209\" height=\"139\" srcset=\"https:\/\/budokanporrentruy.ch\/wp-content\/uploads\/2019\/06\/Photo-25.06.19-21-55-24-1-300x200.jpg 300w, https:\/\/budokanporrentruy.ch\/wp-content\/uploads\/2019\/06\/Photo-25.06.19-21-55-24-1-768x512.jpg 768w, https:\/\/budokanporrentruy.ch\/wp-content\/uploads\/2019\/06\/Photo-25.06.19-21-55-24-1-1024x683.jpg 1024w, https:\/\/budokanporrentruy.ch\/wp-content\/uploads\/2019\/06\/Photo-25.06.19-21-55-24-1.jpg 1457w\" sizes=\"(max-width: 209px) 100vw, 209px\" \/><\/p>\n<p><img loading=\"lazy\" decoding=\"async\" class=\"wp-image-1100 alignright\" src=\"https:\/\/budokanporrentruy.ch\/wp-content\/uploads\/2019\/06\/Photo-25.06.19-21-55-29-1-300x200.jpg\" alt=\"\" width=\"203\" height=\"135\" srcset=\"https:\/\/budokanporrentruy.ch\/wp-content\/uploads\/2019\/06\/Photo-25.06.19-21-55-29-1-300x200.jpg 300w, https:\/\/budokanporrentruy.ch\/wp-content\/uploads\/2019\/06\/Photo-25.06.19-21-55-29-1-768x511.jpg 768w, https:\/\/budokanporrentruy.ch\/wp-content\/uploads\/2019\/06\/Photo-25.06.19-21-55-29-1-1024x682.jpg 1024w, https:\/\/budokanporrentruy.ch\/wp-content\/uploads\/2019\/06\/Photo-25.06.19-21-55-29-1.jpg 1374w\" sizes=\"(max-width: 203px) 100vw, 203px\" \/><\/p>\n","protected":false},"excerpt":{"rendered":"<p>Lundi 24 juin dernier, la section A\u00efkido a organis\u00e9 un entra\u00eenement avec la pr\u00e9sence de Michele Quaranta (6\u00e8me Dan Aikikai et Shian reconnu de l&rsquo;Hombu dojo au Japon). Ainsi, les membres de la section ont pu profiter de ses grandes connaissances qui sont tr\u00e8s enrichissantes et appr\u00e9ci\u00e9es par les membres.<\/p>\n<p><a href=\"https:\/\/budokanporrentruy.ch\/index.php\/2019\/07\/03\/entrainement-avec-michele-quaranta-a-porrentruy\/\"><span class=\"glyphicon glyphicon-arrow-right\"><\/span>&nbsp;Poursuivre la lecture<\/a><\/p>","protected":false},"author":1,"featured_media":0,"comment_status":"closed","ping_status":"closed","sticky":false,"template":"","format":"standard","meta":{"footnotes":""},"categories":[1],"tags":[],"class_list":["post-1128","post","type-post","status-publish","format-standard","hentry","category-non-classe"],"_links":{"self":[{"href":"https:\/\/budokanporrentruy.ch\/index.php\/wp-json\/wp\/v2\/posts\/1128"}],"collection":[{"href":"https:\/\/budokanporrentruy.ch\/index.php\/wp-json\/wp\/v2\/posts"}],"about":[{"href":"https:\/\/budokanporrentruy.ch\/index.php\/wp-json\/wp\/v2\/types\/post"}],"author":[{"embeddable":true,"href":"https:\/\/budokanporrentruy.ch\/index.php\/wp-json\/wp\/v2\/users\/1"}],"replies":[{"embeddable":true,"href":"https:\/\/budokanporrentruy.ch\/index.php\/wp-json\/wp\/v2\/comments?post=1128"}],"version-history":[{"count":3,"href":"https:\/\/budokanporrentruy.ch\/index.php\/wp-json\/wp\/v2\/posts\/1128\/revisions"}],"predecessor-version":[{"id":1131,"href":"https:\/\/budokanporrentruy.ch\/index.php\/wp-json\/wp\/v2\/posts\/1128\/revisions\/1131"}],"wp:attachment":[{"href":"https:\/\/budokanporrentruy.ch\/index.php\/wp-json\/wp\/v2\/media?parent=1128"}],"wp:term":[{"taxonomy":"category","embeddable":true,"href":"https:\/\/budokanporrentruy.ch\/index.php\/wp-json\/wp\/v2\/categories?post=1128"},{"taxonomy":"post_tag","embeddable":true,"href":"https:\/\/budokanporrentruy.ch\/index.php\/wp-json\/wp\/v2\/tags?post=1128"}],"curies":[{"name":"wp","href":"https:\/\/api.w.org\/{rel}","templated":true}]}}