{"id":1173,"date":"2019-10-29T22:52:12","date_gmt":"2019-10-29T21:52:12","guid":{"rendered":"https:\/\/budokanporrentruy.ch\/?p=1173"},"modified":"2021-11-02T16:33:37","modified_gmt":"2021-11-02T15:33:37","slug":"derniere-manche-des-cje","status":"publish","type":"post","link":"https:\/\/budokanporrentruy.ch\/index.php\/2019\/10\/29\/derniere-manche-des-cje\/","title":{"rendered":"Derni\u00e8re manche des CJE 2019"},"content":{"rendered":"<p>L&rsquo;\u00e9quipe de Porrentruy-Franches-Montag<wbr \/>nes remporte la quatri\u00e8me et derni\u00e8re manche annuelle des Championnats jurassiens par \u00e9quipe \u00e9coliers !! Une superbe fin de saison qui permet \u00e0 l&rsquo;\u00e9quipe de se classer 3\u00e8me sur cette ann\u00e9e 2019.<\/p>\n<p><iframe loading=\"lazy\" style=\"border: none; overflow: hidden;\" src=\"https:\/\/www.facebook.com\/plugins\/post.php?href=https%3A%2F%2Fwww.facebook.com%2FBKPorrentruy%2Fposts%2F965840620442511&amp;show_text=true&amp;width=500\" width=\"500\" height=\"623\" frameborder=\"0\" scrolling=\"no\" allowfullscreen=\"allowfullscreen\"><\/iframe><\/p>\n","protected":false},"excerpt":{"rendered":"<p>L&rsquo;\u00e9quipe de Porrentruy-Franches-Montagnes remporte la quatri\u00e8me et derni\u00e8re manche annuelle des Championnats jurassiens par \u00e9quipe \u00e9coliers !! Une superbe fin de saison qui permet \u00e0 l&rsquo;\u00e9quipe de se classer 3\u00e8me sur cette ann\u00e9e 2019.<\/p>\n<p><a href=\"https:\/\/budokanporrentruy.ch\/index.php\/2019\/10\/29\/derniere-manche-des-cje\/\"><span class=\"glyphicon glyphicon-arrow-right\"><\/span>&nbsp;Poursuivre la lecture<\/a><\/p>","protected":false},"author":1,"featured_media":0,"comment_status":"closed","ping_status":"closed","sticky":false,"template":"","format":"standard","meta":{"footnotes":""},"categories":[1],"tags":[],"class_list":["post-1173","post","type-post","status-publish","format-standard","hentry","category-non-classe"],"_links":{"self":[{"href":"https:\/\/budokanporrentruy.ch\/index.php\/wp-json\/wp\/v2\/posts\/1173"}],"collection":[{"href":"https:\/\/budokanporrentruy.ch\/index.php\/wp-json\/wp\/v2\/posts"}],"about":[{"href":"https:\/\/budokanporrentruy.ch\/index.php\/wp-json\/wp\/v2\/types\/post"}],"author":[{"embeddable":true,"href":"https:\/\/budokanporrentruy.ch\/index.php\/wp-json\/wp\/v2\/users\/1"}],"replies":[{"embeddable":true,"href":"https:\/\/budokanporrentruy.ch\/index.php\/wp-json\/wp\/v2\/comments?post=1173"}],"version-history":[{"count":8,"href":"https:\/\/budokanporrentruy.ch\/index.php\/wp-json\/wp\/v2\/posts\/1173\/revisions"}],"predecessor-version":[{"id":1688,"href":"https:\/\/budokanporrentruy.ch\/index.php\/wp-json\/wp\/v2\/posts\/1173\/revisions\/1688"}],"wp:attachment":[{"href":"https:\/\/budokanporrentruy.ch\/index.php\/wp-json\/wp\/v2\/media?parent=1173"}],"wp:term":[{"taxonomy":"category","embeddable":true,"href":"https:\/\/budokanporrentruy.ch\/index.php\/wp-json\/wp\/v2\/categories?post=1173"},{"taxonomy":"post_tag","embeddable":true,"href":"https:\/\/budokanporrentruy.ch\/index.php\/wp-json\/wp\/v2\/tags?post=1173"}],"curies":[{"name":"wp","href":"https:\/\/api.w.org\/{rel}","templated":true}]}}