{"id":1244,"date":"2019-11-19T13:45:59","date_gmt":"2019-11-19T12:45:59","guid":{"rendered":"https:\/\/budokanporrentruy.ch\/?p=1244"},"modified":"2019-12-16T22:09:27","modified_gmt":"2019-12-16T21:09:27","slug":"trois-medailles-aux-csi-2019","status":"publish","type":"post","link":"https:\/\/budokanporrentruy.ch\/index.php\/2019\/11\/19\/trois-medailles-aux-csi-2019\/","title":{"rendered":"Trois m\u00e9dailles aux CSI 2019"},"content":{"rendered":"\n<p>Les <strong>finales des Championnats suisses individuels <\/strong>ont eu lieu ce week-end \u00e0 <strong>Macolin<\/strong>. Gr\u00e2ce aux r\u00e9sultats obtenus dans les tournois <em>ranking<\/em> tout au long de l&rsquo;ann\u00e9e, trois combattant-es du Budo-kan \u00e9taient qualifi\u00e9-es : Jessica Gurba (\u00c9lites -57kg \/ 1\u00e8re au ranking), Alexia Schaffter (Espoirs F -63kg \/ 6\u00e8me au ranking) et Ludovic de Smet (Espoirs H -81kg \/ 9\u00e8me au ranking). Le club inscrivait \u00e9galement Hamid Jafari pour l&rsquo;\u00e9preuve des Masters -66kg.<\/p>\n<p>C&rsquo;est avec cette petite d\u00e9l\u00e9gation que le club a r\u00e9ussi l&rsquo;exploit de ramener <strong>trois m\u00e9dailles<\/strong>, un superbe r\u00e9sultat pour cette ann\u00e9e 2019 !<\/p>\n\n\n<p>Pour sa toute premi\u00e8re participation chez les \u00c9lites, et gr\u00e2ce \u00e0 sa r\u00e9gularit\u00e9 dans les tournois qualificatifs, <strong>Jessica<\/strong> \u00e9tait engag\u00e9e samedi en tant que t\u00eate de s\u00e9rie dans la cat\u00e9gorie tr\u00e8s relev\u00e9e des -57kg. Mais l\u2019absence de quelques favorites le jour m\u00eame <img loading=\"lazy\" decoding=\"async\" class=\"size-medium wp-image-1253 alignleft\" src=\"https:\/\/budokanporrentruy.ch\/wp-content\/uploads\/2019\/11\/1.3-300x249.jpg\" alt=\"\" width=\"300\" height=\"249\" srcset=\"https:\/\/budokanporrentruy.ch\/wp-content\/uploads\/2019\/11\/1.3-300x249.jpg 300w, https:\/\/budokanporrentruy.ch\/wp-content\/uploads\/2019\/11\/1.3-768x637.jpg 768w, https:\/\/budokanporrentruy.ch\/wp-content\/uploads\/2019\/11\/1.3-1024x849.jpg 1024w\" sizes=\"(max-width: 300px) 100vw, 300px\" \/>lib\u00e9rait un peu le terrain et laissait entrevoir une belle chance \u00e0 saisir. Et elle n\u2019a pas manqu\u00e9 sa chance ! Avec une victoire solide en quart de finale puis une d\u00e9faite sans d\u00e9m\u00e9riter en demi-finale face \u00e0 une ancienne internationale suisse, elle \u00e9tait qualifi\u00e9e pour la \u00ab petite \u00bb finale pour le bronze. Dans un match \u00e0 rebondissements, dans lequel elle a d\u2019abord men\u00e9 waza-ari, puis s\u2019est faite rejoindre, avant de marquer \u00e0 nouveau, elle s\u2019impose et se hisse sur la troisi\u00e8me marche du podium. Une magnifique performance pour la jeune femme qui est \u00e9galement, depuis cette ann\u00e9e, monitrice principale et responsable de la section judo du club ! Une belle satisfaction \u00e9galement pour le coach Jacques ! <!--more--><\/p>\n\n\n<p>Autre n\u00e9ophyte \u00e0 ce niveau, <strong>Alexia<\/strong>, 15 ans, \u00e9tait engag\u00e9e dimanche chez les espoirs filles -63kg. Tr\u00e8s concentr\u00e9e d\u00e8s le matin et pas du tout impressionn\u00e9e par l&rsquo;\u00e9v\u00e9nement, <img loading=\"lazy\" decoding=\"async\" class=\"wp-image-1240 alignright\" src=\"https:\/\/budokanporrentruy.ch\/wp-content\/uploads\/2019\/11\/2.-Podium-Alexia-300x199.jpg\" alt=\"\" width=\"323\" height=\"214\" srcset=\"https:\/\/budokanporrentruy.ch\/wp-content\/uploads\/2019\/11\/2.-Podium-Alexia-300x199.jpg 300w, https:\/\/budokanporrentruy.ch\/wp-content\/uploads\/2019\/11\/2.-Podium-Alexia-768x510.jpg 768w, https:\/\/budokanporrentruy.ch\/wp-content\/uploads\/2019\/11\/2.-Podium-Alexia-1024x680.jpg 1024w, https:\/\/budokanporrentruy.ch\/wp-content\/uploads\/2019\/11\/2.-Podium-Alexia.jpg 2016w\" sizes=\"(max-width: 323px) 100vw, 323px\" \/>elle a su tirer son \u00e9pingle du jeu dans une cat\u00e9gorie tr\u00e8s dense. Mieux : apr\u00e8s deux victoires en qualifications puis une d\u00e9faite en demi-finale dans un derby face \u00e0 une co\u00e9quipi\u00e8re en \u00e9quipe de Judo Jura Filles, Alexia a su garder la m\u00eame agressivit\u00e9 pour se payer le luxe de battre la t\u00eate de s\u00e9rie n\u00b01 de sa cat\u00e9gorie en 16 secondes (!) lors de sa finale pour le bronze. Une superbe troisi\u00e8me place donc pour cette jeune fille \u00e0 l&rsquo;avenir sportif radieux !<\/p>\n\n\n<p>Chez les Master M1 -66kg, <strong>Hamid<\/strong>, de retour \u00e0 la comp\u00e9tition apr\u00e8s de nombreuses<img loading=\"lazy\" decoding=\"async\" class=\"size-medium wp-image-1242 alignleft\" src=\"https:\/\/budokanporrentruy.ch\/wp-content\/uploads\/2019\/11\/3-300x200.jpg\" alt=\"\" width=\"300\" height=\"200\" srcset=\"https:\/\/budokanporrentruy.ch\/wp-content\/uploads\/2019\/11\/3-300x200.jpg 300w, https:\/\/budokanporrentruy.ch\/wp-content\/uploads\/2019\/11\/3-768x512.jpg 768w, https:\/\/budokanporrentruy.ch\/wp-content\/uploads\/2019\/11\/3-1024x683.jpg 1024w\" sizes=\"(max-width: 300px) 100vw, 300px\" \/> blessures, s&rsquo;est \u00e9galement offert une belle m\u00e9daille d&rsquo;argent samedi dans une poule de trois combattants exp\u00e9riment\u00e9s en comp\u00e9tition. Apr\u00e8s une premi\u00e8re d\u00e9faite un peu dommage, o\u00f9 il s&rsquo;est fait avoir au sol par un mouvement rus\u00e9 de son adversaire, il a surpris son second adversaire d&rsquo;une splendide projection pour s&rsquo;offrir une tr\u00e8s satisfaisante deuxi\u00e8me place et compl\u00e9ter le <a href=\"http:\/\/dbcomp.dbapplication.ch\/listes_club.asp?club=3015&amp;strmanif=49930272&amp;strLang=F&amp;strOrder=%20code&amp;stro=1\">bilan du club<\/a> dans ces championnats suisses.<\/p>\n<p>Quant \u00e0 <strong>Ludovic<\/strong>, qui pratique la comp\u00e9tition surtout pour le plaisir, le niveau \u00e9tait un peu trop \u00e9lev\u00e9 chez les espoirs gar\u00e7on -81kg et il s&rsquo;est malheureusement inclin\u00e9 d\u00e8s le premier tour, non sans avoir jou\u00e9 sa chance \u00e0 fond, et n&rsquo;a pas \u00e9t\u00e9 rep\u00each\u00e9. Dur dur, les finales suisses&#8230;<\/p>\n<p><a href=\"https:\/\/www.facebook.com\/pg\/BKPorrentruy\/photos\/?tab=album&amp;album_id=985838555109384\" target=\"_blank\" rel=\"noopener noreferrer\">&gt;&gt; Retrouvez la galerie photo de la journ\u00e9e sur notre Facebook<\/a><\/p>\n<p>Au niveau cantonal, le <a href=\"http:\/\/dbcomp.dbapplication.ch\/listes_departement.asp?dep=JU&amp;strmanif=49930272&amp;strLang=F&amp;strOrder=%20rank&amp;stro=1\" target=\"_blank\" rel=\"noopener noreferrer\">bilan<\/a> est \u00e9galement r\u00e9jouissant. Avec un total de 12 breloques, le Jura se classe en effet 6<sup>\u00e8me<\/sup> canton au tableau des m\u00e9dailles de ces CSI 2019.<\/p>","protected":false},"excerpt":{"rendered":"<p>Les finales des Championnats suisses individuels ont eu lieu ce week-end \u00e0 Macolin. Gr\u00e2ce aux r\u00e9sultats obtenus dans les tournois ranking tout au long de l&rsquo;ann\u00e9e, trois combattant-es du Budo-kan \u00e9taient qualifi\u00e9-es : Jessica Gurba (\u00c9lites -57kg \/ 1\u00e8re au ranking), Alexia Schaffter (Espoirs F -63kg \/ 6\u00e8me au ranking) et Ludovic de Smet (Espoirs&#8230;<\/p>\n<p><a href=\"https:\/\/budokanporrentruy.ch\/index.php\/2019\/11\/19\/trois-medailles-aux-csi-2019\/\"><span class=\"glyphicon glyphicon-arrow-right\"><\/span>&nbsp;Poursuivre la lecture<\/a><\/p>","protected":false},"author":1,"featured_media":0,"comment_status":"closed","ping_status":"closed","sticky":false,"template":"","format":"standard","meta":{"footnotes":""},"categories":[1],"tags":[],"class_list":["post-1244","post","type-post","status-publish","format-standard","hentry","category-non-classe"],"_links":{"self":[{"href":"https:\/\/budokanporrentruy.ch\/index.php\/wp-json\/wp\/v2\/posts\/1244"}],"collection":[{"href":"https:\/\/budokanporrentruy.ch\/index.php\/wp-json\/wp\/v2\/posts"}],"about":[{"href":"https:\/\/budokanporrentruy.ch\/index.php\/wp-json\/wp\/v2\/types\/post"}],"author":[{"embeddable":true,"href":"https:\/\/budokanporrentruy.ch\/index.php\/wp-json\/wp\/v2\/users\/1"}],"replies":[{"embeddable":true,"href":"https:\/\/budokanporrentruy.ch\/index.php\/wp-json\/wp\/v2\/comments?post=1244"}],"version-history":[{"count":27,"href":"https:\/\/budokanporrentruy.ch\/index.php\/wp-json\/wp\/v2\/posts\/1244\/revisions"}],"predecessor-version":[{"id":1472,"href":"https:\/\/budokanporrentruy.ch\/index.php\/wp-json\/wp\/v2\/posts\/1244\/revisions\/1472"}],"wp:attachment":[{"href":"https:\/\/budokanporrentruy.ch\/index.php\/wp-json\/wp\/v2\/media?parent=1244"}],"wp:term":[{"taxonomy":"category","embeddable":true,"href":"https:\/\/budokanporrentruy.ch\/index.php\/wp-json\/wp\/v2\/categories?post=1244"},{"taxonomy":"post_tag","embeddable":true,"href":"https:\/\/budokanporrentruy.ch\/index.php\/wp-json\/wp\/v2\/tags?post=1244"}],"curies":[{"name":"wp","href":"https:\/\/api.w.org\/{rel}","templated":true}]}}