{"id":1272,"date":"2019-11-25T17:48:18","date_gmt":"2019-11-25T16:48:18","guid":{"rendered":"https:\/\/budokanporrentruy.ch\/?p=1272"},"modified":"2019-11-25T18:03:09","modified_gmt":"2019-11-25T17:03:09","slug":"tournoi-interregional-de-la-chaux-de-fonds-2019","status":"publish","type":"post","link":"https:\/\/budokanporrentruy.ch\/index.php\/2019\/11\/25\/tournoi-interregional-de-la-chaux-de-fonds-2019\/","title":{"rendered":"Tournoi interr\u00e9gional de La Chaux-de-Fonds 2019"},"content":{"rendered":"<p>Une d\u00e9l\u00e9gation de douze membres du BKP s&rsquo;est d\u00e9plac\u00e9e ce week-end dans les montagnes neuch\u00e2teloises pour le 14<sup>\u00e8me<\/sup> tournoi interr\u00e9gional de La Chaux-de-Fonds, ouvert \u00e0 toutes les cat\u00e9gories, des plus jeunes aux plus \u00e2g\u00e9s. De nombreuses m\u00e9dailles ont \u00e9t\u00e9 r\u00e9colt\u00e9es, notamment par de tr\u00e8s jeunes combattants et combattantes ! Une belle pr\u00e9paration en vue des championnats jurassiens qui approchent. <!--more--><\/p>\n\n\n<p>Le samedi, dans une ambiance un peu d\u00e9sertique (environ 70 participant-e-s sur la journ\u00e9e, Boris DRAGHINDA et Romain DENO\u00cbL ont rev\u00eatu le judogi pour en d\u00e9coudre. Les cat\u00e9gories \u00e9tant faites sur le moment, au nombre de participants, Boris se trouvait \u00ab\u00a0entre deux eaux\u00a0\u00bb et il a choisi de combattre dans la cat\u00e9gorie la plus difficile. Malheureusement, il termine la comp\u00e9tition un peu frustr\u00e9 avec une seule victoire. Pour Romain, le succ\u00e8s n&rsquo;a pas \u00e9t\u00e9 beaucoup plus au rendez-vous, mais cela ne lui a pas enlev\u00e9 sa bonne humeur d\u00e9j\u00e0 l\u00e9gendaire. Cette journ\u00e9e fut \u00e9galement l&rsquo;occasion de d\u00e9couvrir des podiums&#8230; folkloriques !&nbsp;<\/p>\n<p><img loading=\"lazy\" decoding=\"async\" class=\"size-medium wp-image-1274 aligncenter\" src=\"https:\/\/budokanporrentruy.ch\/wp-content\/uploads\/2019\/11\/78135785_991214971238409_2835212778011099136_o-300x225.jpg\" alt=\"\" width=\"300\" height=\"225\" srcset=\"https:\/\/budokanporrentruy.ch\/wp-content\/uploads\/2019\/11\/78135785_991214971238409_2835212778011099136_o-300x225.jpg 300w, https:\/\/budokanporrentruy.ch\/wp-content\/uploads\/2019\/11\/78135785_991214971238409_2835212778011099136_o-768x576.jpg 768w, https:\/\/budokanporrentruy.ch\/wp-content\/uploads\/2019\/11\/78135785_991214971238409_2835212778011099136_o-1024x768.jpg 1024w, https:\/\/budokanporrentruy.ch\/wp-content\/uploads\/2019\/11\/78135785_991214971238409_2835212778011099136_o.jpg 2048w\" sizes=\"(max-width: 300px) 100vw, 300px\" \/><\/p>\n\n\n<p>Le dimanche, la comp\u00e9tition \u00e9tait d\u00e9j\u00e0 plus \u00ab\u00a0s\u00e9rieuse\u00a0\u00bb pour les \u00e9colier-\u00e8re-s avec plus de 300 judokas et 31 clubs engag\u00e9s. Les membres du Budo-Kan s&rsquo;y sont illustr\u00e9s en remportant 5 m\u00e9dailles d&rsquo;or et se classant 10\u00e8me ex-aeqo sur 31 clubs engag\u00e9s.<\/p>\n<p><strong>&gt;&gt; Retrouvez les r\u00e9sultats d\u00e9taill\u00e9s et quelques photos sur notre page facebook :<\/strong><\/p>\n\n\n<p><div id=\"fb-root\"><\/div><script async=\"1\" defer=\"1\" crossorigin=\"anonymous\" src=\"https:\/\/connect.facebook.net\/de_DE\/sdk.js#xfbml=1&amp;version=v5.0\"><\/script><div class=\"fb-post\" data-href=\"https:\/\/www.facebook.com\/BKPorrentruy\/posts\/991262067900366?__xts__[0]=68.ARC5s1p_H-2PV-mhspXXZpeg4KW2e2zygFCrGQUbKZjiCEHkATbAtRVsa0Q_HSGqd8IKqKUi4Vk5x0oGS9vwsHRxOM9bp7Rc4coFICdsAAavuFLef0jy_Tq2aetkqSLDUDldgVtRXaSjdQ7hs_QipJOppCVXSN8EWROKqmrirwwixSOe4jdCFmsE4W6vSNjE1NO03ZfmADGQxrc79CPUi2DO6qXfPfEonuO42EmIsD8idCqwsi_jeuaPBRi5JzmWCLeNrw8BgSF0ByO7CV0KSU6xJZ2nRYK88ADRIB51P6zkNpCo8vb5fKCAOJqPawEl0lNbT-N5Z6cdgYm1kXqFKs0&amp;__tn__=-R\" data-width=\"750\"><blockquote cite=\"https:\/\/www.facebook.com\/BKPorrentruy\/posts\/991262067900366\" class=\"fb-xfbml-parse-ignore\"><p>PLUIE DE M\u00c9DAILLES \u00c0 LA CHAUX-DE-FONDS12 de nos jeunes combattantes et combattants ont foul\u00e9 les tatamis&#8230;<\/p>Gepostet von <a href=\"https:\/\/www.facebook.com\/BKPorrentruy\/\">Budokan Porrentruy<\/a> am&nbsp;<a href=\"https:\/\/www.facebook.com\/BKPorrentruy\/posts\/991262067900366\">Montag, 25. November 2019<\/a><\/blockquote><\/div><\/p>\n","protected":false},"excerpt":{"rendered":"<p>Une d\u00e9l\u00e9gation de douze membres du BKP s&rsquo;est d\u00e9plac\u00e9e ce week-end dans les montagnes neuch\u00e2teloises pour le 14\u00e8me tournoi interr\u00e9gional de La Chaux-de-Fonds, ouvert \u00e0 toutes les cat\u00e9gories, des plus jeunes aux plus \u00e2g\u00e9s. De nombreuses m\u00e9dailles ont \u00e9t\u00e9 r\u00e9colt\u00e9es, notamment par de tr\u00e8s jeunes combattants et combattantes ! Une belle pr\u00e9paration en vue des&#8230;<\/p>\n<p><a href=\"https:\/\/budokanporrentruy.ch\/index.php\/2019\/11\/25\/tournoi-interregional-de-la-chaux-de-fonds-2019\/\"><span class=\"glyphicon glyphicon-arrow-right\"><\/span>&nbsp;Poursuivre la lecture<\/a><\/p>","protected":false},"author":1,"featured_media":0,"comment_status":"closed","ping_status":"closed","sticky":false,"template":"","format":"standard","meta":{"footnotes":""},"categories":[1],"tags":[],"class_list":["post-1272","post","type-post","status-publish","format-standard","hentry","category-non-classe"],"_links":{"self":[{"href":"https:\/\/budokanporrentruy.ch\/index.php\/wp-json\/wp\/v2\/posts\/1272"}],"collection":[{"href":"https:\/\/budokanporrentruy.ch\/index.php\/wp-json\/wp\/v2\/posts"}],"about":[{"href":"https:\/\/budokanporrentruy.ch\/index.php\/wp-json\/wp\/v2\/types\/post"}],"author":[{"embeddable":true,"href":"https:\/\/budokanporrentruy.ch\/index.php\/wp-json\/wp\/v2\/users\/1"}],"replies":[{"embeddable":true,"href":"https:\/\/budokanporrentruy.ch\/index.php\/wp-json\/wp\/v2\/comments?post=1272"}],"version-history":[{"count":15,"href":"https:\/\/budokanporrentruy.ch\/index.php\/wp-json\/wp\/v2\/posts\/1272\/revisions"}],"predecessor-version":[{"id":1290,"href":"https:\/\/budokanporrentruy.ch\/index.php\/wp-json\/wp\/v2\/posts\/1272\/revisions\/1290"}],"wp:attachment":[{"href":"https:\/\/budokanporrentruy.ch\/index.php\/wp-json\/wp\/v2\/media?parent=1272"}],"wp:term":[{"taxonomy":"category","embeddable":true,"href":"https:\/\/budokanporrentruy.ch\/index.php\/wp-json\/wp\/v2\/categories?post=1272"},{"taxonomy":"post_tag","embeddable":true,"href":"https:\/\/budokanporrentruy.ch\/index.php\/wp-json\/wp\/v2\/tags?post=1272"}],"curies":[{"name":"wp","href":"https:\/\/api.w.org\/{rel}","templated":true}]}}