{"id":1458,"date":"2019-12-16T21:15:58","date_gmt":"2019-12-16T20:15:58","guid":{"rendered":"https:\/\/budokanporrentruy.ch\/?p=1458"},"modified":"2019-12-16T21:19:47","modified_gmt":"2019-12-16T20:19:47","slug":"entrainement-aikido-avec-michele-quaranta","status":"publish","type":"post","link":"https:\/\/budokanporrentruy.ch\/index.php\/2019\/12\/16\/entrainement-aikido-avec-michele-quaranta\/","title":{"rendered":"Entra\u00eenement A\u00efkido avec Michele Quaranta"},"content":{"rendered":"<p style=\"text-align: justify;\">Le 27 novembre dernier, la section A\u00efkido a organis\u00e9 le dernier entra\u00eenement 2019 avec Michele Quaranta (6\u00e8me Dan).<\/p>\n<p style=\"text-align: justify;\">\n<p><img loading=\"lazy\" decoding=\"async\" class=\"wp-image-1433 aligncenter\" src=\"https:\/\/budokanporrentruy.ch\/wp-content\/uploads\/2019\/12\/EKEK2501-300x225.jpg\" alt=\"\" width=\"287\" height=\"215\" srcset=\"https:\/\/budokanporrentruy.ch\/wp-content\/uploads\/2019\/12\/EKEK2501-300x225.jpg 300w, https:\/\/budokanporrentruy.ch\/wp-content\/uploads\/2019\/12\/EKEK2501-768x576.jpg 768w, https:\/\/budokanporrentruy.ch\/wp-content\/uploads\/2019\/12\/EKEK2501-1024x768.jpg 1024w, https:\/\/budokanporrentruy.ch\/wp-content\/uploads\/2019\/12\/EKEK2501.jpg 2016w\" sizes=\"(max-width: 287px) 100vw, 287px\" \/><\/p>\n<p><!--more--><img loading=\"lazy\" decoding=\"async\" class=\"wp-image-1455 alignnone\" src=\"https:\/\/budokanporrentruy.ch\/wp-content\/uploads\/2019\/12\/XWLJ3756-300x225.jpg\" alt=\"\" width=\"244\" height=\"183\" srcset=\"https:\/\/budokanporrentruy.ch\/wp-content\/uploads\/2019\/12\/XWLJ3756-300x225.jpg 300w, https:\/\/budokanporrentruy.ch\/wp-content\/uploads\/2019\/12\/XWLJ3756-768x576.jpg 768w, https:\/\/budokanporrentruy.ch\/wp-content\/uploads\/2019\/12\/XWLJ3756-1024x768.jpg 1024w, https:\/\/budokanporrentruy.ch\/wp-content\/uploads\/2019\/12\/XWLJ3756.jpg 2016w\" sizes=\"(max-width: 244px) 100vw, 244px\" \/><img loading=\"lazy\" decoding=\"async\" class=\"wp-image-1426 alignleft\" src=\"https:\/\/budokanporrentruy.ch\/wp-content\/uploads\/2019\/12\/APAF4585-300x225.jpg\" alt=\"\" width=\"236\" height=\"177\" srcset=\"https:\/\/budokanporrentruy.ch\/wp-content\/uploads\/2019\/12\/APAF4585-300x225.jpg 300w, https:\/\/budokanporrentruy.ch\/wp-content\/uploads\/2019\/12\/APAF4585-768x576.jpg 768w, https:\/\/budokanporrentruy.ch\/wp-content\/uploads\/2019\/12\/APAF4585-1024x768.jpg 1024w, https:\/\/budokanporrentruy.ch\/wp-content\/uploads\/2019\/12\/APAF4585.jpg 2016w\" sizes=\"(max-width: 236px) 100vw, 236px\" \/><\/p>\n","protected":false},"excerpt":{"rendered":"<p>Le 27 novembre dernier, la section A\u00efkido a organis\u00e9 le dernier entra\u00eenement 2019 avec Michele Quaranta (6\u00e8me Dan).<\/p>\n<p><a href=\"https:\/\/budokanporrentruy.ch\/index.php\/2019\/12\/16\/entrainement-aikido-avec-michele-quaranta\/\"><span class=\"glyphicon glyphicon-arrow-right\"><\/span>&nbsp;Poursuivre la lecture<\/a><\/p>","protected":false},"author":1,"featured_media":0,"comment_status":"closed","ping_status":"closed","sticky":false,"template":"","format":"standard","meta":{"footnotes":""},"categories":[1],"tags":[],"class_list":["post-1458","post","type-post","status-publish","format-standard","hentry","category-non-classe"],"_links":{"self":[{"href":"https:\/\/budokanporrentruy.ch\/index.php\/wp-json\/wp\/v2\/posts\/1458"}],"collection":[{"href":"https:\/\/budokanporrentruy.ch\/index.php\/wp-json\/wp\/v2\/posts"}],"about":[{"href":"https:\/\/budokanporrentruy.ch\/index.php\/wp-json\/wp\/v2\/types\/post"}],"author":[{"embeddable":true,"href":"https:\/\/budokanporrentruy.ch\/index.php\/wp-json\/wp\/v2\/users\/1"}],"replies":[{"embeddable":true,"href":"https:\/\/budokanporrentruy.ch\/index.php\/wp-json\/wp\/v2\/comments?post=1458"}],"version-history":[{"count":5,"href":"https:\/\/budokanporrentruy.ch\/index.php\/wp-json\/wp\/v2\/posts\/1458\/revisions"}],"predecessor-version":[{"id":1463,"href":"https:\/\/budokanporrentruy.ch\/index.php\/wp-json\/wp\/v2\/posts\/1458\/revisions\/1463"}],"wp:attachment":[{"href":"https:\/\/budokanporrentruy.ch\/index.php\/wp-json\/wp\/v2\/media?parent=1458"}],"wp:term":[{"taxonomy":"category","embeddable":true,"href":"https:\/\/budokanporrentruy.ch\/index.php\/wp-json\/wp\/v2\/categories?post=1458"},{"taxonomy":"post_tag","embeddable":true,"href":"https:\/\/budokanporrentruy.ch\/index.php\/wp-json\/wp\/v2\/tags?post=1458"}],"curies":[{"name":"wp","href":"https:\/\/api.w.org\/{rel}","templated":true}]}}