{"id":1466,"date":"2019-12-16T22:08:28","date_gmt":"2019-12-16T21:08:28","guid":{"rendered":"https:\/\/budokanporrentruy.ch\/?p=1466"},"modified":"2020-01-19T21:47:47","modified_gmt":"2020-01-19T20:47:47","slug":"les-resultats-des-championnats-jurassiens-individuels-2019-sont-en-ligne","status":"publish","type":"post","link":"https:\/\/budokanporrentruy.ch\/index.php\/2019\/12\/16\/les-resultats-des-championnats-jurassiens-individuels-2019-sont-en-ligne\/","title":{"rendered":"Les r\u00e9sultats des Championnats Jurassiens Individuels 2019 sont en ligne !"},"content":{"rendered":"\n<figure class=\"wp-block-image\"><img loading=\"lazy\" decoding=\"async\" width=\"1024\" height=\"683\" src=\"https:\/\/budokanporrentruy.ch\/wp-content\/uploads\/2019\/12\/1-Copie-2-1024x683.jpg\" alt=\"\" class=\"wp-image-1467\" srcset=\"https:\/\/budokanporrentruy.ch\/wp-content\/uploads\/2019\/12\/1-Copie-2-1024x683.jpg 1024w, https:\/\/budokanporrentruy.ch\/wp-content\/uploads\/2019\/12\/1-Copie-2-300x200.jpg 300w, https:\/\/budokanporrentruy.ch\/wp-content\/uploads\/2019\/12\/1-Copie-2-768x512.jpg 768w\" sizes=\"(max-width: 1024px) 100vw, 1024px\" \/><\/figure>\n\n\n<p>Avec 17 m\u00e9dailles, dont 5 titres de champion et championne jurassien-ne-s, pour 18 participant-e-s, le club se classe 3\u00e8me du tableau des m\u00e9dailles, un super r\u00e9sultat dans ces CJI marqu\u00e9s \u00e9galement par un regain de participation.<\/p>\n<p><a style=\"font-size: inherit;\" href=\"https:\/\/budokanporrentruy.ch\/index.php\/judo\/championnats-ju\/cji\/\" target=\"_blank\" rel=\"noopener noreferrer\">&gt;&gt; Les r\u00e9sultats complets&nbsp;<\/a><\/p>\n<p><a href=\"https:\/\/budokanporrentruy.ch\/index.php\/album-photos\/\" target=\"_blank\" rel=\"noopener noreferrer\">&gt;&gt; La galerie des podiums<\/a><\/p>\n<p><\/p>\n\n","protected":false},"excerpt":{"rendered":"<p>Avec 17 m\u00e9dailles, dont 5 titres de champion et championne jurassien-ne-s, pour 18 participant-e-s, le club se classe 3\u00e8me du tableau des m\u00e9dailles, un super r\u00e9sultat dans ces CJI marqu\u00e9s \u00e9galement par un regain de participation. &gt;&gt; Les r\u00e9sultats complets&nbsp; &gt;&gt; La galerie des podiums<\/p>\n<p><a href=\"https:\/\/budokanporrentruy.ch\/index.php\/2019\/12\/16\/les-resultats-des-championnats-jurassiens-individuels-2019-sont-en-ligne\/\"><span class=\"glyphicon glyphicon-arrow-right\"><\/span>&nbsp;Poursuivre la lecture<\/a><\/p>","protected":false},"author":1,"featured_media":0,"comment_status":"closed","ping_status":"closed","sticky":false,"template":"","format":"standard","meta":{"footnotes":""},"categories":[1],"tags":[],"class_list":["post-1466","post","type-post","status-publish","format-standard","hentry","category-non-classe"],"_links":{"self":[{"href":"https:\/\/budokanporrentruy.ch\/index.php\/wp-json\/wp\/v2\/posts\/1466"}],"collection":[{"href":"https:\/\/budokanporrentruy.ch\/index.php\/wp-json\/wp\/v2\/posts"}],"about":[{"href":"https:\/\/budokanporrentruy.ch\/index.php\/wp-json\/wp\/v2\/types\/post"}],"author":[{"embeddable":true,"href":"https:\/\/budokanporrentruy.ch\/index.php\/wp-json\/wp\/v2\/users\/1"}],"replies":[{"embeddable":true,"href":"https:\/\/budokanporrentruy.ch\/index.php\/wp-json\/wp\/v2\/comments?post=1466"}],"version-history":[{"count":4,"href":"https:\/\/budokanporrentruy.ch\/index.php\/wp-json\/wp\/v2\/posts\/1466\/revisions"}],"predecessor-version":[{"id":1579,"href":"https:\/\/budokanporrentruy.ch\/index.php\/wp-json\/wp\/v2\/posts\/1466\/revisions\/1579"}],"wp:attachment":[{"href":"https:\/\/budokanporrentruy.ch\/index.php\/wp-json\/wp\/v2\/media?parent=1466"}],"wp:term":[{"taxonomy":"category","embeddable":true,"href":"https:\/\/budokanporrentruy.ch\/index.php\/wp-json\/wp\/v2\/categories?post=1466"},{"taxonomy":"post_tag","embeddable":true,"href":"https:\/\/budokanporrentruy.ch\/index.php\/wp-json\/wp\/v2\/tags?post=1466"}],"curies":[{"name":"wp","href":"https:\/\/api.w.org\/{rel}","templated":true}]}}