{"id":1597,"date":"2020-02-25T21:19:15","date_gmt":"2020-02-25T20:19:15","guid":{"rendered":"https:\/\/budokanporrentruy.ch\/?p=1597"},"modified":"2020-02-25T21:22:40","modified_gmt":"2020-02-25T20:22:40","slug":"un-5e-dan-pour-manuel-benitez","status":"publish","type":"post","link":"https:\/\/budokanporrentruy.ch\/index.php\/2020\/02\/25\/un-5e-dan-pour-manuel-benitez\/","title":{"rendered":"Un 5e Dan pour Manuel Benitez"},"content":{"rendered":"\n<p>Entra\u00eeneur de la section A\u00efkido du club depuis de longues ann\u00e9es, Manuel Benitez a pass\u00e9 son 5\u00e8me Dan lors du stage du 8 f\u00e9vrier 2020 \u00e0 B\u00e2le, avec le concours de son partenaire Ma\u00eetre Michele Quaranta. <strong>F\u00e9licitations \u00e0 lui !<\/strong><img loading=\"lazy\" decoding=\"async\" class=\"wp-image-1598 aligncenter\" src=\"https:\/\/budokanporrentruy.ch\/wp-content\/uploads\/2020\/02\/5e-Dan-Aikido-225x300.jpeg\" alt=\"\" width=\"313\" height=\"417\" srcset=\"https:\/\/budokanporrentruy.ch\/wp-content\/uploads\/2020\/02\/5e-Dan-Aikido-225x300.jpeg 225w, https:\/\/budokanporrentruy.ch\/wp-content\/uploads\/2020\/02\/5e-Dan-Aikido-768x1024.jpeg 768w, https:\/\/budokanporrentruy.ch\/wp-content\/uploads\/2020\/02\/5e-Dan-Aikido.jpeg 1536w\" sizes=\"(max-width: 313px) 100vw, 313px\" \/><\/p>\n","protected":false},"excerpt":{"rendered":"<p>Entra\u00eeneur de la section A\u00efkido du club depuis de longues ann\u00e9es, Manuel Benitez a pass\u00e9 son 5\u00e8me Dan lors du stage du 8 f\u00e9vrier 2020 \u00e0 B\u00e2le, avec le concours de son partenaire Ma\u00eetre Michele Quaranta. F\u00e9licitations \u00e0 lui !<\/p>\n<p><a href=\"https:\/\/budokanporrentruy.ch\/index.php\/2020\/02\/25\/un-5e-dan-pour-manuel-benitez\/\"><span class=\"glyphicon glyphicon-arrow-right\"><\/span>&nbsp;Poursuivre la lecture<\/a><\/p>","protected":false},"author":1,"featured_media":0,"comment_status":"closed","ping_status":"closed","sticky":false,"template":"","format":"standard","meta":{"footnotes":""},"categories":[1],"tags":[],"class_list":["post-1597","post","type-post","status-publish","format-standard","hentry","category-non-classe"],"_links":{"self":[{"href":"https:\/\/budokanporrentruy.ch\/index.php\/wp-json\/wp\/v2\/posts\/1597"}],"collection":[{"href":"https:\/\/budokanporrentruy.ch\/index.php\/wp-json\/wp\/v2\/posts"}],"about":[{"href":"https:\/\/budokanporrentruy.ch\/index.php\/wp-json\/wp\/v2\/types\/post"}],"author":[{"embeddable":true,"href":"https:\/\/budokanporrentruy.ch\/index.php\/wp-json\/wp\/v2\/users\/1"}],"replies":[{"embeddable":true,"href":"https:\/\/budokanporrentruy.ch\/index.php\/wp-json\/wp\/v2\/comments?post=1597"}],"version-history":[{"count":8,"href":"https:\/\/budokanporrentruy.ch\/index.php\/wp-json\/wp\/v2\/posts\/1597\/revisions"}],"predecessor-version":[{"id":1607,"href":"https:\/\/budokanporrentruy.ch\/index.php\/wp-json\/wp\/v2\/posts\/1597\/revisions\/1607"}],"wp:attachment":[{"href":"https:\/\/budokanporrentruy.ch\/index.php\/wp-json\/wp\/v2\/media?parent=1597"}],"wp:term":[{"taxonomy":"category","embeddable":true,"href":"https:\/\/budokanporrentruy.ch\/index.php\/wp-json\/wp\/v2\/categories?post=1597"},{"taxonomy":"post_tag","embeddable":true,"href":"https:\/\/budokanporrentruy.ch\/index.php\/wp-json\/wp\/v2\/tags?post=1597"}],"curies":[{"name":"wp","href":"https:\/\/api.w.org\/{rel}","templated":true}]}}