{"id":1627,"date":"2021-06-15T16:01:45","date_gmt":"2021-06-15T14:01:45","guid":{"rendered":"https:\/\/budokanporrentruy.ch\/?p=1627"},"modified":"2021-06-15T16:01:45","modified_gmt":"2021-06-15T14:01:45","slug":"retour-de-la-competition-a-spiez","status":"publish","type":"post","link":"https:\/\/budokanporrentruy.ch\/index.php\/2021\/06\/15\/retour-de-la-competition-a-spiez\/","title":{"rendered":"Retour de la comp\u00e9tition \u00e0 Spiez !"},"content":{"rendered":"\n<p><strong>Apr\u00e8s exactement 485 jours sans manifestations officielles, nos combattants et combattantes ont \u00e0 nouveau pu go\u00fbter aux joies &#8211; et peines &#8211; du judo de comp\u00e9tition, lors du premier tournoi de reprise organis\u00e9 par le club de Spiez (BE). Le BKP revient ce tournoi avec un total de quatre m\u00e9dailles et un bilan encourageant !<img loading=\"lazy\" decoding=\"async\" class=\"size-medium wp-image-1629 alignright\" src=\"https:\/\/budokanporrentruy.ch\/wp-content\/uploads\/2021\/06\/IMG_20210613_152447-225x300.jpg\" alt=\"\" width=\"225\" height=\"300\" srcset=\"https:\/\/budokanporrentruy.ch\/wp-content\/uploads\/2021\/06\/IMG_20210613_152447-225x300.jpg 225w, https:\/\/budokanporrentruy.ch\/wp-content\/uploads\/2021\/06\/IMG_20210613_152447-768x1024.jpg 768w\" sizes=\"(max-width: 225px) 100vw, 225px\" \/><\/strong><\/p>\n<p>La meilleure prestation du jour est \u00e0 mettre au cr\u00e9dit de <strong>Thalia L\u00e9chenne<\/strong> <strong>(Espoir fille \/ -57kg)<\/strong>, qui \u00e9trennait \u00e0 cette occasion sa toute r\u00e9cente <strong>ceinture bleue<\/strong>. Avant l&rsquo;interruption de plus d&rsquo;une ann\u00e9e due \u00e0 la pand\u00e9mie, Thalia avait fait ses d\u00e9buts en U18 chez les -48 kilos. Sa rentr\u00e9e \u00e9tait donc marqu\u00e9e par un saut de non pas une, mais bien deux cat\u00e9gories de poids, un d\u00e9fi de taille. D\u00e9fi qu&rsquo;elle a tr\u00e8s bien relev\u00e9, malgr\u00e9 le stress, en d\u00e9crochant une superbe m\u00e9daille d&rsquo;argent. Elle s&rsquo;impose \u00e0 deux reprises par Ippon en quart puis en demi-finale, avant de commettre un geste maladroit interdit en finale, lui valant Hansoku-Make. Mais cette deuxi\u00e8me place acquise constitue un excellent r\u00e9sultat pour cette jeune combattante prometteuse.<!--more--><!--more--><\/p>\n<p>Deux autres m\u00e9dailles d&rsquo;argent sont \u00e0 mettre au cr\u00e9dit de <strong>Ludovic de Smet (Espoir gar\u00e7on \/ +81kg)<\/strong> et de <strong>Lily Fridez (\u00c9coli\u00e8re U15 \/ -57kg)<\/strong>. Dans des cat\u00e9gories peu repr\u00e9sent\u00e9es, Lily d\u00e9croche le m\u00e9tal gr\u00e2ce \u00e0 une victoire et une d\u00e9faite, tandis que Ludovic s&rsquo;incline non sans d\u00e9m\u00e9riter contre le seul autre inscrit de sa cat\u00e9gorie. Enfin, sa s\u0153ur <strong>Justine de Smet (Espoir fille \/ -48kg)<\/strong> monte sur la troisi\u00e8me marche du podium, avec une d\u00e9faite puis une belle victoire en finale pour le bronze.<\/p>\n<p><img loading=\"lazy\" decoding=\"async\" class=\"size-medium wp-image-1633 alignleft\" src=\"https:\/\/budokanporrentruy.ch\/wp-content\/uploads\/2021\/06\/IMG_20210613_111635-1-225x300.jpg\" alt=\"\" width=\"225\" height=\"300\" srcset=\"https:\/\/budokanporrentruy.ch\/wp-content\/uploads\/2021\/06\/IMG_20210613_111635-1-225x300.jpg 225w, https:\/\/budokanporrentruy.ch\/wp-content\/uploads\/2021\/06\/IMG_20210613_111635-1-768x1024.jpg 768w\" sizes=\"(max-width: 225px) 100vw, 225px\" \/>Les trois autres combattant\ua78fe\ua78fs engag\u00e9\ua78fe\ua78fs dimanche n&rsquo;ont pas r\u00e9ussi \u00e0 se hisser sur le podium de ce tournoi de reprise. <strong>Wyatt Reichen<\/strong> (Espoir gar\u00e7on),\u00a0<strong>Gwendolyn Bertinotti<\/strong> (Espoir fille) et <strong>Marie Nobs<\/strong> (\u00c9coli\u00e8re U15) n&rsquo;ont ainsi pas remport\u00e9 de combats, mais ont montr\u00e9 un bel \u00e9tat d&rsquo;esprit pour leurs grands d\u00e9buts dans leurs cat\u00e9gories respectives.<\/p>\n","protected":false},"excerpt":{"rendered":"<p>Apr\u00e8s exactement 485 jours sans manifestations officielles, nos combattants et combattantes ont \u00e0 nouveau pu go\u00fbter aux joies &#8211; et peines &#8211; du judo de comp\u00e9tition, lors du premier tournoi de reprise organis\u00e9 par le club de Spiez (BE). Le BKP revient ce tournoi avec un total de quatre m\u00e9dailles et un bilan encourageant !&#8230;<\/p>\n<p><a href=\"https:\/\/budokanporrentruy.ch\/index.php\/2021\/06\/15\/retour-de-la-competition-a-spiez\/\"><span class=\"glyphicon glyphicon-arrow-right\"><\/span>&nbsp;Poursuivre la lecture<\/a><\/p>","protected":false},"author":1,"featured_media":0,"comment_status":"closed","ping_status":"closed","sticky":false,"template":"","format":"standard","meta":{"footnotes":""},"categories":[1],"tags":[],"class_list":["post-1627","post","type-post","status-publish","format-standard","hentry","category-non-classe"],"_links":{"self":[{"href":"https:\/\/budokanporrentruy.ch\/index.php\/wp-json\/wp\/v2\/posts\/1627"}],"collection":[{"href":"https:\/\/budokanporrentruy.ch\/index.php\/wp-json\/wp\/v2\/posts"}],"about":[{"href":"https:\/\/budokanporrentruy.ch\/index.php\/wp-json\/wp\/v2\/types\/post"}],"author":[{"embeddable":true,"href":"https:\/\/budokanporrentruy.ch\/index.php\/wp-json\/wp\/v2\/users\/1"}],"replies":[{"embeddable":true,"href":"https:\/\/budokanporrentruy.ch\/index.php\/wp-json\/wp\/v2\/comments?post=1627"}],"version-history":[{"count":9,"href":"https:\/\/budokanporrentruy.ch\/index.php\/wp-json\/wp\/v2\/posts\/1627\/revisions"}],"predecessor-version":[{"id":1639,"href":"https:\/\/budokanporrentruy.ch\/index.php\/wp-json\/wp\/v2\/posts\/1627\/revisions\/1639"}],"wp:attachment":[{"href":"https:\/\/budokanporrentruy.ch\/index.php\/wp-json\/wp\/v2\/media?parent=1627"}],"wp:term":[{"taxonomy":"category","embeddable":true,"href":"https:\/\/budokanporrentruy.ch\/index.php\/wp-json\/wp\/v2\/categories?post=1627"},{"taxonomy":"post_tag","embeddable":true,"href":"https:\/\/budokanporrentruy.ch\/index.php\/wp-json\/wp\/v2\/tags?post=1627"}],"curies":[{"name":"wp","href":"https:\/\/api.w.org\/{rel}","templated":true}]}}