{"id":1640,"date":"2021-06-22T20:33:40","date_gmt":"2021-06-22T18:33:40","guid":{"rendered":"https:\/\/budokanporrentruy.ch\/?p=1640"},"modified":"2021-06-24T13:21:52","modified_gmt":"2021-06-24T11:21:52","slug":"belle-participation-et-pluie-de-medailles-a-morges","status":"publish","type":"post","link":"https:\/\/budokanporrentruy.ch\/index.php\/2021\/06\/22\/belle-participation-et-pluie-de-medailles-a-morges\/","title":{"rendered":"Belle participation et pluie de m\u00e9dailles \u00e0 Morges"},"content":{"rendered":"\n<p><strong>Le club s&rsquo;est d\u00e9plac\u00e9 samedi et dimanche au tournoi national de Morges (VD), traditionnel rendez-vous de d\u00e9but de saison adapt\u00e9 cette ann\u00e9e aux conditions sanitaires. Avec un tr\u00e8s beau total de 14 combattants et combattantes engag\u00e9es sur le week-end, le club ram\u00e8ne un total de 11 m\u00e9dailles.<\/strong><\/p>\n<p>Le samedi, pour la comp\u00e9tition \u00ab\u00a0officielle\u00a0\u00bb \u2013 comptant pour le ranking national \u2013 des espoirs et des \u00e9coli\u00e8res A, ce sont <strong>Thalia L\u00e9chenne<\/strong> et <strong>Lily Fridez<\/strong> qui ont r\u00e9ussi la bonne performance du jour. Lily, tout d&rsquo;abord, en \u00e9coli\u00e8re A, a su tirer parti d&rsquo;une situation difficile. Pes\u00e9e en -57kg, alors qu&rsquo;elle d\u00e9passe difficilement les 53kg, et encore d\u00e9butante en comp\u00e9tition \u00e0 ce niveau, elle se retrouve finalement seule inscrite dans sa cat\u00e9gorie, et doit donc combattre dans la cat\u00e9gorie de poids sup\u00e9rieure, en +57kg. <img loading=\"lazy\" decoding=\"async\" class=\"size-medium wp-image-1643 alignright\" src=\"https:\/\/budokanporrentruy.ch\/wp-content\/uploads\/2021\/06\/20210619_154335-1-169x300.jpg\" alt=\"\" width=\"169\" height=\"300\" srcset=\"https:\/\/budokanporrentruy.ch\/wp-content\/uploads\/2021\/06\/20210619_154335-1-169x300.jpg 169w, https:\/\/budokanporrentruy.ch\/wp-content\/uploads\/2021\/06\/20210619_154335-1-768x1365.jpg 768w, https:\/\/budokanporrentruy.ch\/wp-content\/uploads\/2021\/06\/20210619_154335-1-576x1024.jpg 576w, https:\/\/budokanporrentruy.ch\/wp-content\/uploads\/2021\/06\/20210619_154335-1.jpg 1943w\" sizes=\"(max-width: 169px) 100vw, 169px\" \/>Mais apr\u00e8s avoir \u00e9t\u00e9 surclass\u00e9e en puissance par ses deux premi\u00e8res adversaires, puis avoir compl\u00e8tement rat\u00e9 son troisi\u00e8me combat, elle a su faire preuve d&rsquo;une tr\u00e8s belle force de caract\u00e8re pour aller remporter son dernier combat, ce qui lui permet de se hisser sur la troisi\u00e8me marche du podium. Elle a ensuite \u00e9t\u00e9 imit\u00e9e par Thalia, en espoir -57kg, qui a su parfaitement se remobiliser apr\u00e8s avoir perdu un premier combat serr\u00e9 pour aller chercher le bronze. <!--more--><\/p>\n<p>Malheureusement, les fr\u00e8re et s\u0153ur De Smet n&rsquo;ont pas r\u00e9ussi \u00e0 remporter de combat, malgr\u00e9 un bel engagement et de bons progr\u00e8s palpables ! Tout comme Marie Nobs, en \u00e9coli\u00e8re A, qui malgr\u00e9 tout son courage s&rsquo;est inclin\u00e9e quatre fois en autant de combats.<\/p>\n<p>Le dimanche, le BKP pr\u00e9sentait sa toute jeune garde, avec huit combattants et une combattante dans les cat\u00e9gories des \u00c9coliers et \u00c9coli\u00e8res C, D et E (U11, U9 et U7). Dans des formats de cat\u00e9gories adapt\u00e9es aux enfants, la plupart ont tr\u00e8s bien r\u00e9ussi leurs d\u00e9buts en comp\u00e9tition nationale, huit sur neuf remportant au moins un combat et se hissant ainsi sur le podium. La meilleure performance est toutefois \u00e0 mettre au cr\u00e9dit d&rsquo;<strong>Arnaud Schmitt<\/strong> (U11 \/ -30kg), qui a remport\u00e9 ses trois combats haut la main pour se hisser sur la premi\u00e8re marche du podium.<\/p>\n<p><strong>&gt;&gt; Le d\u00e9tail des r\u00e9sultats du week-end: <img loading=\"lazy\" decoding=\"async\" class=\"alignnone  wp-image-1659\" src=\"https:\/\/budokanporrentruy.ch\/wp-content\/uploads\/2021\/06\/R\u00e9sultat_morges_correc-300x194.png\" alt=\"\" width=\"505\" height=\"326\" srcset=\"https:\/\/budokanporrentruy.ch\/wp-content\/uploads\/2021\/06\/R\u00e9sultat_morges_correc-300x194.png 300w, https:\/\/budokanporrentruy.ch\/wp-content\/uploads\/2021\/06\/R\u00e9sultat_morges_correc-768x496.png 768w, https:\/\/budokanporrentruy.ch\/wp-content\/uploads\/2021\/06\/R\u00e9sultat_morges_correc-1024x662.png 1024w, https:\/\/budokanporrentruy.ch\/wp-content\/uploads\/2021\/06\/R\u00e9sultat_morges_correc.png 1232w\" sizes=\"(max-width: 505px) 100vw, 505px\" \/><\/strong><\/p>\n","protected":false},"excerpt":{"rendered":"<p>Le club s&rsquo;est d\u00e9plac\u00e9 samedi et dimanche au tournoi national de Morges (VD), traditionnel rendez-vous de d\u00e9but de saison adapt\u00e9 cette ann\u00e9e aux conditions sanitaires. Avec un tr\u00e8s beau total de 14 combattants et combattantes engag\u00e9es sur le week-end, le club ram\u00e8ne un total de 11 m\u00e9dailles. Le samedi, pour la comp\u00e9tition \u00ab\u00a0officielle\u00a0\u00bb \u2013 comptant&#8230;<\/p>\n<p><a href=\"https:\/\/budokanporrentruy.ch\/index.php\/2021\/06\/22\/belle-participation-et-pluie-de-medailles-a-morges\/\"><span class=\"glyphicon glyphicon-arrow-right\"><\/span>&nbsp;Poursuivre la lecture<\/a><\/p>","protected":false},"author":1,"featured_media":0,"comment_status":"closed","ping_status":"closed","sticky":false,"template":"","format":"standard","meta":{"footnotes":""},"categories":[1],"tags":[],"class_list":["post-1640","post","type-post","status-publish","format-standard","hentry","category-non-classe"],"_links":{"self":[{"href":"https:\/\/budokanporrentruy.ch\/index.php\/wp-json\/wp\/v2\/posts\/1640"}],"collection":[{"href":"https:\/\/budokanporrentruy.ch\/index.php\/wp-json\/wp\/v2\/posts"}],"about":[{"href":"https:\/\/budokanporrentruy.ch\/index.php\/wp-json\/wp\/v2\/types\/post"}],"author":[{"embeddable":true,"href":"https:\/\/budokanporrentruy.ch\/index.php\/wp-json\/wp\/v2\/users\/1"}],"replies":[{"embeddable":true,"href":"https:\/\/budokanporrentruy.ch\/index.php\/wp-json\/wp\/v2\/comments?post=1640"}],"version-history":[{"count":8,"href":"https:\/\/budokanporrentruy.ch\/index.php\/wp-json\/wp\/v2\/posts\/1640\/revisions"}],"predecessor-version":[{"id":1661,"href":"https:\/\/budokanporrentruy.ch\/index.php\/wp-json\/wp\/v2\/posts\/1640\/revisions\/1661"}],"wp:attachment":[{"href":"https:\/\/budokanporrentruy.ch\/index.php\/wp-json\/wp\/v2\/media?parent=1640"}],"wp:term":[{"taxonomy":"category","embeddable":true,"href":"https:\/\/budokanporrentruy.ch\/index.php\/wp-json\/wp\/v2\/categories?post=1640"},{"taxonomy":"post_tag","embeddable":true,"href":"https:\/\/budokanporrentruy.ch\/index.php\/wp-json\/wp\/v2\/tags?post=1640"}],"curies":[{"name":"wp","href":"https:\/\/api.w.org\/{rel}","templated":true}]}}