{"id":1650,"date":"2021-06-22T20:46:21","date_gmt":"2021-06-22T18:46:21","guid":{"rendered":"https:\/\/budokanporrentruy.ch\/?p=1650"},"modified":"2021-06-25T14:17:42","modified_gmt":"2021-06-25T12:17:42","slug":"deux-nouvelles-ceintures-noires-au-club","status":"publish","type":"post","link":"https:\/\/budokanporrentruy.ch\/index.php\/2021\/06\/22\/deux-nouvelles-ceintures-noires-au-club\/","title":{"rendered":"Deux nouvelles ceintures noires au club !!"},"content":{"rendered":"\n<p><strong>Deux membres du club ont rejoint samedi les rangs des d\u00e9tentrices de Dan en Suisse ! <span class=\"_247o\" spellcheck=\"false\" data-offset-key=\"6vv7e-1-0\">Jessica Gurba<\/span> et <span class=\"_247o\" spellcheck=\"false\" data-offset-key=\"6vv7e-3-0\">Alexandra D\u00e9boeuf<\/span> ont en effet obtenu avec brio leur 1er Dan de judo samedi \u00e0 Lausanne, avec les f\u00e9licitations du Jury !<\/strong><\/p>\n<p>Le club f\u00e9licite chaleureusement ces deux comp\u00e9titrices \u00e9m\u00e9rites, qui avaient commenc\u00e9 leur pr\u00e9paration pour cet examen d\u00e8s 2017 avec leur professeur Jacques Racheter, puis ont perfectionn\u00e9 leur Nage-no-kata avec l&rsquo;expert Dan du Judo Club Del\u00e9mont Charly Nusbaumer. Toutefois, en raison notamment de blessures puis de la pand\u00e9mie de Covid-19, leur passage de grade a \u00e9t\u00e9 retard\u00e9 plusieurs fois. Malgr\u00e9 tout, elles ont pers\u00e9v\u00e9r\u00e9 et ont ainsi finalement pu se pr\u00e9senter \u00e0 leur examen le samedi 19 juin 2021, lors duquel elles ont obtenu leur ceinture noire avec les f\u00e9licitations du jury.<\/p>\n<p><img loading=\"lazy\" decoding=\"async\" class=\"alignnone size-medium wp-image-1651\" src=\"https:\/\/budokanporrentruy.ch\/wp-content\/uploads\/2021\/06\/FLO09419-R\u00e9duit-240x300.jpg\" alt=\"\" width=\"240\" height=\"300\" srcset=\"https:\/\/budokanporrentruy.ch\/wp-content\/uploads\/2021\/06\/FLO09419-R\u00e9duit-240x300.jpg 240w, https:\/\/budokanporrentruy.ch\/wp-content\/uploads\/2021\/06\/FLO09419-R\u00e9duit-768x960.jpg 768w, https:\/\/budokanporrentruy.ch\/wp-content\/uploads\/2021\/06\/FLO09419-R\u00e9duit-819x1024.jpg 819w\" sizes=\"(max-width: 240px) 100vw, 240px\" \/><\/p>\n<p>Pour ces deux combattantes, membre de l&rsquo;\u00e9quipe Judo Jura Filles, cette ceinture noire vient \u00e9galement couronner une belle carri\u00e8re en comp\u00e9tition. Alexandra a \u00e9t\u00e9 championne suisse U18 en 2012 puis en 2013, avant de d\u00e9crocher une m\u00e9daille de bronze chez les \u00e9lites en 2017. Jessica a pour sa part \u00e9t\u00e9 \u00e0 deux reprises vice-championne suisse chez les U21, avant de d\u00e9crocher \u00e9galement le bronze en \u00e9lites en 2019. Elle r\u00e9compense \u00e9galement l&rsquo;engagement de Jessica pour le club, elle qui est monitrice et responsable de la section judo depuis maintenant deux ans.<\/p>\n<p>La derni\u00e8re obtention d&rsquo;un 1er Dan au Budo-Kan Porrentruy datait de 2015. \u00c0 noter \u00e9galement que les ceintures noires f\u00e9minines restent denr\u00e9e rare dans le canton. Avec ces deux grades obtenus, l&rsquo;Association jurassienne de Judo ne compte en effet, \u00e0 l&rsquo;heure actuelle, que trois femmes porteuses de Dan actives et actuellement licenci\u00e9es de la FSJ\u2026 et toutes trois au BKP !<\/p>\n","protected":false},"excerpt":{"rendered":"<p>Deux membres du club ont rejoint samedi les rangs des d\u00e9tentrices de Dan en Suisse ! Jessica Gurba et Alexandra D\u00e9boeuf ont en effet obtenu avec brio leur 1er Dan de judo samedi \u00e0 Lausanne, avec les f\u00e9licitations du Jury ! Le club f\u00e9licite chaleureusement ces deux comp\u00e9titrices \u00e9m\u00e9rites, qui avaient commenc\u00e9 leur pr\u00e9paration pour&#8230;<\/p>\n<p><a href=\"https:\/\/budokanporrentruy.ch\/index.php\/2021\/06\/22\/deux-nouvelles-ceintures-noires-au-club\/\"><span class=\"glyphicon glyphicon-arrow-right\"><\/span>&nbsp;Poursuivre la lecture<\/a><\/p>","protected":false},"author":1,"featured_media":0,"comment_status":"closed","ping_status":"closed","sticky":false,"template":"","format":"standard","meta":{"footnotes":""},"categories":[1],"tags":[],"class_list":["post-1650","post","type-post","status-publish","format-standard","hentry","category-non-classe"],"_links":{"self":[{"href":"https:\/\/budokanporrentruy.ch\/index.php\/wp-json\/wp\/v2\/posts\/1650"}],"collection":[{"href":"https:\/\/budokanporrentruy.ch\/index.php\/wp-json\/wp\/v2\/posts"}],"about":[{"href":"https:\/\/budokanporrentruy.ch\/index.php\/wp-json\/wp\/v2\/types\/post"}],"author":[{"embeddable":true,"href":"https:\/\/budokanporrentruy.ch\/index.php\/wp-json\/wp\/v2\/users\/1"}],"replies":[{"embeddable":true,"href":"https:\/\/budokanporrentruy.ch\/index.php\/wp-json\/wp\/v2\/comments?post=1650"}],"version-history":[{"count":4,"href":"https:\/\/budokanporrentruy.ch\/index.php\/wp-json\/wp\/v2\/posts\/1650\/revisions"}],"predecessor-version":[{"id":1663,"href":"https:\/\/budokanporrentruy.ch\/index.php\/wp-json\/wp\/v2\/posts\/1650\/revisions\/1663"}],"wp:attachment":[{"href":"https:\/\/budokanporrentruy.ch\/index.php\/wp-json\/wp\/v2\/media?parent=1650"}],"wp:term":[{"taxonomy":"category","embeddable":true,"href":"https:\/\/budokanporrentruy.ch\/index.php\/wp-json\/wp\/v2\/categories?post=1650"},{"taxonomy":"post_tag","embeddable":true,"href":"https:\/\/budokanporrentruy.ch\/index.php\/wp-json\/wp\/v2\/tags?post=1650"}],"curies":[{"name":"wp","href":"https:\/\/api.w.org\/{rel}","templated":true}]}}