{"id":1709,"date":"2021-12-11T15:34:04","date_gmt":"2021-12-11T14:34:04","guid":{"rendered":"https:\/\/budokanporrentruy.ch\/?p=1709"},"modified":"2021-12-11T15:34:27","modified_gmt":"2021-12-11T14:34:27","slug":"csi-2021-trois-medailles","status":"publish","type":"post","link":"https:\/\/budokanporrentruy.ch\/index.php\/2021\/12\/11\/csi-2021-trois-medailles\/","title":{"rendered":"CSI 2021: Trois m\u00e9dailles !"},"content":{"rendered":"\n<p>Belle prestation d&rsquo;ensemble du club aux Championnats suisses individuels 2021, qui ont eu lieu \u00e0 Bienne. Le Budo-Kan \u00e9tait engag\u00e9 le samedi avec quatre combattant\u00b7e\u00b7s: Jessica en \u00e9lites, Hamid en v\u00e9t\u00e9rans, ainsi que Ludovic et Thalia en espoirs. Qualifi\u00e9e \u00e9galement cette ann\u00e9e, Justine n&rsquo;a malheureusement pas pu d\u00e9fendre ses chances en raison d&rsquo;une blessure au dos qui la tiendra \u00e9loign\u00e9e des tatamis pendant de longues semaines.<\/p>\n<p><strong>&gt;&gt; Le r\u00e9sum\u00e9 de la journ\u00e9e sur Facebook:<\/strong><\/p>\n<p><iframe loading=\"lazy\" style=\"border: none; overflow: hidden;\" src=\"https:\/\/www.facebook.com\/plugins\/post.php?href=https%3A%2F%2Fwww.facebook.com%2FBKPorrentruy%2Fposts%2F1570787336614500&amp;show_text=true&amp;width=500\" width=\"500\" height=\"793\" frameborder=\"0\" scrolling=\"no\" allowfullscreen=\"allowfullscreen\"><\/iframe><\/p>\n<p>Merci aux spectateurs qui ont fait le d\u00e9placement de Bienne pour venir encourager nos athl\u00e8tes, ainsi qu&rsquo;\u00e0 Alexandra qui a accompagn\u00e9 le groupe toute la journ\u00e9e et qui a donn\u00e9 de la voix depuis le bord du tapis et la chaise de coaching !<\/p>\n<p>&gt;&gt; Voir aussi <a href=\"https:\/\/budokanporrentruy.ch\/index.php\/album-photos\/\">la galerie photos et podiums<\/a><\/p>\n","protected":false},"excerpt":{"rendered":"<p>Belle prestation d&rsquo;ensemble du club aux Championnats suisses individuels 2021, qui ont eu lieu \u00e0 Bienne. Le Budo-Kan \u00e9tait engag\u00e9 le samedi avec quatre combattant\u00b7e\u00b7s: Jessica en \u00e9lites, Hamid en v\u00e9t\u00e9rans, ainsi que Ludovic et Thalia en espoirs. Qualifi\u00e9e \u00e9galement cette ann\u00e9e, Justine n&rsquo;a malheureusement pas pu d\u00e9fendre ses chances en raison d&rsquo;une blessure au&#8230;<\/p>\n<p><a href=\"https:\/\/budokanporrentruy.ch\/index.php\/2021\/12\/11\/csi-2021-trois-medailles\/\"><span class=\"glyphicon glyphicon-arrow-right\"><\/span>&nbsp;Poursuivre la lecture<\/a><\/p>","protected":false},"author":1,"featured_media":0,"comment_status":"closed","ping_status":"closed","sticky":false,"template":"","format":"standard","meta":{"footnotes":""},"categories":[1],"tags":[],"class_list":["post-1709","post","type-post","status-publish","format-standard","hentry","category-non-classe"],"_links":{"self":[{"href":"https:\/\/budokanporrentruy.ch\/index.php\/wp-json\/wp\/v2\/posts\/1709"}],"collection":[{"href":"https:\/\/budokanporrentruy.ch\/index.php\/wp-json\/wp\/v2\/posts"}],"about":[{"href":"https:\/\/budokanporrentruy.ch\/index.php\/wp-json\/wp\/v2\/types\/post"}],"author":[{"embeddable":true,"href":"https:\/\/budokanporrentruy.ch\/index.php\/wp-json\/wp\/v2\/users\/1"}],"replies":[{"embeddable":true,"href":"https:\/\/budokanporrentruy.ch\/index.php\/wp-json\/wp\/v2\/comments?post=1709"}],"version-history":[{"count":3,"href":"https:\/\/budokanporrentruy.ch\/index.php\/wp-json\/wp\/v2\/posts\/1709\/revisions"}],"predecessor-version":[{"id":1712,"href":"https:\/\/budokanporrentruy.ch\/index.php\/wp-json\/wp\/v2\/posts\/1709\/revisions\/1712"}],"wp:attachment":[{"href":"https:\/\/budokanporrentruy.ch\/index.php\/wp-json\/wp\/v2\/media?parent=1709"}],"wp:term":[{"taxonomy":"category","embeddable":true,"href":"https:\/\/budokanporrentruy.ch\/index.php\/wp-json\/wp\/v2\/categories?post=1709"},{"taxonomy":"post_tag","embeddable":true,"href":"https:\/\/budokanporrentruy.ch\/index.php\/wp-json\/wp\/v2\/tags?post=1709"}],"curies":[{"name":"wp","href":"https:\/\/api.w.org\/{rel}","templated":true}]}}