{"id":1803,"date":"2022-12-05T10:50:40","date_gmt":"2022-12-05T09:50:40","guid":{"rendered":"https:\/\/budokanporrentruy.ch\/?p=1803"},"modified":"2022-12-14T15:19:25","modified_gmt":"2022-12-14T14:19:25","slug":"nouveau-podium-aux-championnat-suisse-2022-pour-jessica","status":"publish","type":"post","link":"https:\/\/budokanporrentruy.ch\/index.php\/2022\/12\/05\/nouveau-podium-aux-championnat-suisse-2022-pour-jessica\/","title":{"rendered":"Nouveau podium aux Championnat suisse 2022 pour Jessica !"},"content":{"rendered":"\n<p><strong>M\u00e9daill\u00e9e de bronze nationale l\u2019an dernier \u00e0 Bienne, la combattante et monitrice du club Jessica Gurba a r\u00e9cidiv\u00e9 cette ann\u00e9e en d\u00e9crochant une nouvelle breloque, au terme d\u2019une grosse journ\u00e9e. Avec deux victoires et deux d\u00e9faites, elle termine cette ann\u00e9e encore troisi\u00e8me en \u00e9lites -52kg.\u00a0<\/strong><\/p>\n<p><img loading=\"lazy\" decoding=\"async\" class=\"alignnone  wp-image-1804\" src=\"https:\/\/budokanporrentruy.ch\/wp-content\/uploads\/2022\/12\/52525011616_f957cf7c6f_o-300x200.jpg\" alt=\"\" width=\"500\" height=\"333\" srcset=\"https:\/\/budokanporrentruy.ch\/wp-content\/uploads\/2022\/12\/52525011616_f957cf7c6f_o-300x200.jpg 300w, https:\/\/budokanporrentruy.ch\/wp-content\/uploads\/2022\/12\/52525011616_f957cf7c6f_o-768x512.jpg 768w, https:\/\/budokanporrentruy.ch\/wp-content\/uploads\/2022\/12\/52525011616_f957cf7c6f_o-1024x683.jpg 1024w\" sizes=\"(max-width: 500px) 100vw, 500px\" \/><\/p>\n<p><!--more--><!--more--><\/p>\n\n\n\n<p><span style=\"font-size: inherit;\">Seule qualifi\u00e9e du club \u00e0 avoir su tirer son \u00e9pingle du jeu lors de cette \u00e9dition 2022 des finales nationales individuelles, Jessica n\u2019a pas fait les choses \u00e0 moiti\u00e9, puisqu\u2019elle a d\u00e9croch\u00e9 sa m\u00e9daille gr\u00e2ce \u00e0 une victoire d\u00e9cisive contre une membre du cadre national.<\/span><\/p>\n<p><span style=\"font-size: inherit;\">Si les deux premi\u00e8res places semblaient hors de port\u00e9e pour notre combattante \u2013 qui n\u2019a pas pu s\u2019entra\u00eener r\u00e9ellement cette ann\u00e9e en raison de blessures et de ses responsabilit\u00e9s au sein du club \u2013 cette m\u00e9daille de bronze constitue le meilleur r\u00e9sultat qu\u2019il \u00e9tait possible d\u2019esp\u00e9rer lors de cette journ\u00e9e. F\u00e9licitations !<\/span><!--more--><span style=\"font-size: inherit;\">En \u00e9lites -81kg, Pierrik s\u2019est quant \u00e0 lui inclin\u00e9 au golden-score d\u00e8s le premier tour contre un futur m\u00e9daill\u00e9 de bronze. En espoir -63kg, Thalia n\u2019a pas su retrouver la confiance et a termin\u00e9 elle aussi sa journ\u00e9e sans victoires. Hors de forme en cette fin d\u2019ann\u00e9e, elle peut d\u00e9sormais tourner la t\u00eate vers 2023 et se fixer de nouveaux objectifs. Enfin en junior +90kg, malgr\u00e9 un bel engagement, Ludovic n\u2019est pas non plus parvenu \u00e0 remporter de combats, g\u00ean\u00e9 \u00e9galement par une blessure \u00e0 l\u2019\u00e9paule.<\/span><\/p>\n","protected":false},"excerpt":{"rendered":"<p>M\u00e9daill\u00e9e de bronze nationale l\u2019an dernier \u00e0 Bienne, la combattante et monitrice du club Jessica Gurba a r\u00e9cidiv\u00e9 cette ann\u00e9e en d\u00e9crochant une nouvelle breloque, au terme d\u2019une grosse journ\u00e9e. Avec deux victoires et deux d\u00e9faites, elle termine cette ann\u00e9e encore troisi\u00e8me en \u00e9lites -52kg.\u00a0<\/p>\n<p><a href=\"https:\/\/budokanporrentruy.ch\/index.php\/2022\/12\/05\/nouveau-podium-aux-championnat-suisse-2022-pour-jessica\/\"><span class=\"glyphicon glyphicon-arrow-right\"><\/span>&nbsp;Poursuivre la lecture<\/a><\/p>","protected":false},"author":1,"featured_media":0,"comment_status":"closed","ping_status":"closed","sticky":false,"template":"","format":"standard","meta":{"footnotes":""},"categories":[1],"tags":[],"class_list":["post-1803","post","type-post","status-publish","format-standard","hentry","category-non-classe"],"_links":{"self":[{"href":"https:\/\/budokanporrentruy.ch\/index.php\/wp-json\/wp\/v2\/posts\/1803"}],"collection":[{"href":"https:\/\/budokanporrentruy.ch\/index.php\/wp-json\/wp\/v2\/posts"}],"about":[{"href":"https:\/\/budokanporrentruy.ch\/index.php\/wp-json\/wp\/v2\/types\/post"}],"author":[{"embeddable":true,"href":"https:\/\/budokanporrentruy.ch\/index.php\/wp-json\/wp\/v2\/users\/1"}],"replies":[{"embeddable":true,"href":"https:\/\/budokanporrentruy.ch\/index.php\/wp-json\/wp\/v2\/comments?post=1803"}],"version-history":[{"count":9,"href":"https:\/\/budokanporrentruy.ch\/index.php\/wp-json\/wp\/v2\/posts\/1803\/revisions"}],"predecessor-version":[{"id":1869,"href":"https:\/\/budokanporrentruy.ch\/index.php\/wp-json\/wp\/v2\/posts\/1803\/revisions\/1869"}],"wp:attachment":[{"href":"https:\/\/budokanporrentruy.ch\/index.php\/wp-json\/wp\/v2\/media?parent=1803"}],"wp:term":[{"taxonomy":"category","embeddable":true,"href":"https:\/\/budokanporrentruy.ch\/index.php\/wp-json\/wp\/v2\/categories?post=1803"},{"taxonomy":"post_tag","embeddable":true,"href":"https:\/\/budokanporrentruy.ch\/index.php\/wp-json\/wp\/v2\/tags?post=1803"}],"curies":[{"name":"wp","href":"https:\/\/api.w.org\/{rel}","templated":true}]}}