{"id":1858,"date":"2022-12-14T15:15:46","date_gmt":"2022-12-14T14:15:46","guid":{"rendered":"https:\/\/budokanporrentruy.ch\/?p=1858"},"modified":"2022-12-14T15:17:02","modified_gmt":"2022-12-14T14:17:02","slug":"cji-2022-les-resultats-sont-en-ligne-le-bkp-confirme","status":"publish","type":"post","link":"https:\/\/budokanporrentruy.ch\/index.php\/2022\/12\/14\/cji-2022-les-resultats-sont-en-ligne-le-bkp-confirme\/","title":{"rendered":"CJI 2022: Les r\u00e9sultats sont en ligne, le BKP confirme!"},"content":{"rendered":"\n<p><strong>Le club organisait ce dimanche 11 d\u00e9cembre ses traditionnels Championnats jurassiens individuels, dans la salle de l\u2019Oiselier. Apr\u00e8s avoir conquis le titre cantonal \u00e9colier par \u00e9quipes au cours de la saison, le club a d\u00e9croch\u00e9 pour la deuxi\u00e8me ann\u00e9e cons\u00e9cutive la premi\u00e8re place au tableau des m\u00e9dailles.<\/strong><\/p>\n<p>Le Budo-Kan termine cette \u00e9dition 2022 avec huit m\u00e9dailles de bronze, six m\u00e9dailles d\u2019argent, et surtout sept titres. Le JC Del\u00e9mont termine deuxi\u00e8me, \u00e9galement avec 7 titres mais seulement deux m\u00e9dailles d&rsquo;argent. Le JC Moutier compl\u00e8te le podium (4 titres). Au total, 24 titres cantonaux ont \u00e9t\u00e9 attribu\u00e9s aux quelque 85 participant\ua78fe\ua78fs, durant une tr\u00e8s belle journ\u00e9e de comp\u00e9tition.<\/p>\n<blockquote>\n<p>&gt; R\u00e9sum\u00e9 et r\u00e9sultats complets: <a href=\"https:\/\/budokanporrentruy.ch\/index.php\/judo\/championnats-ju\/championnats-individuels\/championnat-jurassien-individuel-2022\/\">CJI 2022<\/a><\/p>\n<\/blockquote>\n<div id=\"attachment_1863\" style=\"width: 503px\" class=\"wp-caption alignleft\"><img loading=\"lazy\" decoding=\"async\" aria-describedby=\"caption-attachment-1863\" class=\"wp-image-1863\" src=\"https:\/\/budokanporrentruy.ch\/wp-content\/uploads\/2022\/12\/Distinctions-annuelles-2022-Championnats-Suisses-1-300x225.jpg\" alt=\"Les sportifs et sportives m\u00e9ritantes de l'ann\u00e9e ont \u00e9galement \u00e9t\u00e9 honor\u00e9es par l'Association jurassienne de Judo durant la pause de midi.\" width=\"493\" height=\"370\" srcset=\"https:\/\/budokanporrentruy.ch\/wp-content\/uploads\/2022\/12\/Distinctions-annuelles-2022-Championnats-Suisses-1-300x225.jpg 300w, https:\/\/budokanporrentruy.ch\/wp-content\/uploads\/2022\/12\/Distinctions-annuelles-2022-Championnats-Suisses-1-768x576.jpg 768w, https:\/\/budokanporrentruy.ch\/wp-content\/uploads\/2022\/12\/Distinctions-annuelles-2022-Championnats-Suisses-1.jpg 1024w\" sizes=\"(max-width: 493px) 100vw, 493px\" \/><p id=\"caption-attachment-1863\" class=\"wp-caption-text\">Les sportifs et sportives m\u00e9ritantes de l&rsquo;ann\u00e9e ont \u00e9galement \u00e9t\u00e9 honor\u00e9es par l&rsquo;Association jurassienne de Judo durant la pause de midi.<\/p><\/div>\n<p>\u00a0<\/p>\n","protected":false},"excerpt":{"rendered":"<p>Le club organisait ce dimanche 11 d\u00e9cembre ses traditionnels Championnats jurassiens individuels, dans la salle de l\u2019Oiselier. Apr\u00e8s avoir conquis le titre cantonal \u00e9colier par \u00e9quipes au cours de la saison, le club a d\u00e9croch\u00e9 pour la deuxi\u00e8me ann\u00e9e cons\u00e9cutive la premi\u00e8re place au tableau des m\u00e9dailles. Le Budo-Kan termine cette \u00e9dition 2022 avec huit&#8230;<\/p>\n<p><a href=\"https:\/\/budokanporrentruy.ch\/index.php\/2022\/12\/14\/cji-2022-les-resultats-sont-en-ligne-le-bkp-confirme\/\"><span class=\"glyphicon glyphicon-arrow-right\"><\/span>&nbsp;Poursuivre la lecture<\/a><\/p>","protected":false},"author":1,"featured_media":0,"comment_status":"closed","ping_status":"closed","sticky":false,"template":"","format":"standard","meta":{"footnotes":""},"categories":[1],"tags":[],"class_list":["post-1858","post","type-post","status-publish","format-standard","hentry","category-non-classe"],"_links":{"self":[{"href":"https:\/\/budokanporrentruy.ch\/index.php\/wp-json\/wp\/v2\/posts\/1858"}],"collection":[{"href":"https:\/\/budokanporrentruy.ch\/index.php\/wp-json\/wp\/v2\/posts"}],"about":[{"href":"https:\/\/budokanporrentruy.ch\/index.php\/wp-json\/wp\/v2\/types\/post"}],"author":[{"embeddable":true,"href":"https:\/\/budokanporrentruy.ch\/index.php\/wp-json\/wp\/v2\/users\/1"}],"replies":[{"embeddable":true,"href":"https:\/\/budokanporrentruy.ch\/index.php\/wp-json\/wp\/v2\/comments?post=1858"}],"version-history":[{"count":4,"href":"https:\/\/budokanporrentruy.ch\/index.php\/wp-json\/wp\/v2\/posts\/1858\/revisions"}],"predecessor-version":[{"id":1866,"href":"https:\/\/budokanporrentruy.ch\/index.php\/wp-json\/wp\/v2\/posts\/1858\/revisions\/1866"}],"wp:attachment":[{"href":"https:\/\/budokanporrentruy.ch\/index.php\/wp-json\/wp\/v2\/media?parent=1858"}],"wp:term":[{"taxonomy":"category","embeddable":true,"href":"https:\/\/budokanporrentruy.ch\/index.php\/wp-json\/wp\/v2\/categories?post=1858"},{"taxonomy":"post_tag","embeddable":true,"href":"https:\/\/budokanporrentruy.ch\/index.php\/wp-json\/wp\/v2\/tags?post=1858"}],"curies":[{"name":"wp","href":"https:\/\/api.w.org\/{rel}","templated":true}]}}