{"id":1939,"date":"2023-12-06T19:49:09","date_gmt":"2023-12-06T18:49:09","guid":{"rendered":"https:\/\/budokanporrentruy.ch\/?p=1939"},"modified":"2023-12-11T19:52:37","modified_gmt":"2023-12-11T18:52:37","slug":"jessica-vice-championne-suisse","status":"publish","type":"post","link":"https:\/\/budokanporrentruy.ch\/index.php\/2023\/12\/06\/jessica-vice-championne-suisse\/","title":{"rendered":"Jessica vice-championne suisse \u00e0 Yverdon !"},"content":{"rendered":"\n<p>Samedi \u00e0 Yverdon, Jessica Gurba a remport\u00e9 sa quatri\u00e8me m\u00e9daille nationale d&rsquo;affil\u00e9e en \u00e9lite en se parant d&rsquo;argent chez les -52kg lors des Championnats suisses individuels. Apr\u00e8s une belle victoire en demi-finale face \u00e0 la favorite du jour, sa finale a tourn\u00e9 court. Surprise sur une s\u00e9quence disput\u00e9e en d\u00e9but de combat, elle subit un Ippon plut\u00f4t s\u00e9v\u00e8re et n&rsquo;aura pas eu l&rsquo;occasion de faire valoir toutes ses chances. Rageant, mais le r\u00e9sultat reste beau pour cette guerri\u00e8re du club qui a surmont\u00e9 une s\u00e9rieuse blessure afin d&rsquo;aller chercher ce r\u00e9sultat. Bravo !<\/p>\n<p><img loading=\"lazy\" decoding=\"async\" class=\"alignnone  wp-image-1940\" src=\"https:\/\/budokanporrentruy.ch\/wp-content\/uploads\/2023\/12\/53374709646_5040d1cb5a_o-300x205.jpg\" alt=\"\" width=\"630\" height=\"430\" srcset=\"https:\/\/budokanporrentruy.ch\/wp-content\/uploads\/2023\/12\/53374709646_5040d1cb5a_o-300x205.jpg 300w, https:\/\/budokanporrentruy.ch\/wp-content\/uploads\/2023\/12\/53374709646_5040d1cb5a_o-768x524.jpg 768w, https:\/\/budokanporrentruy.ch\/wp-content\/uploads\/2023\/12\/53374709646_5040d1cb5a_o-1024x698.jpg 1024w\" sizes=\"(max-width: 630px) 100vw, 630px\" \/><\/p>\n<p><img loading=\"lazy\" decoding=\"async\" class=\"size-medium wp-image-1942 alignright\" src=\"https:\/\/budokanporrentruy.ch\/wp-content\/uploads\/2023\/12\/53375849347_d906e2eb95_o-207x300.jpg\" alt=\"\" width=\"207\" height=\"300\" srcset=\"https:\/\/budokanporrentruy.ch\/wp-content\/uploads\/2023\/12\/53375849347_d906e2eb95_o-207x300.jpg 207w, https:\/\/budokanporrentruy.ch\/wp-content\/uploads\/2023\/12\/53375849347_d906e2eb95_o-768x1114.jpg 768w, https:\/\/budokanporrentruy.ch\/wp-content\/uploads\/2023\/12\/53375849347_d906e2eb95_o-706x1024.jpg 706w, https:\/\/budokanporrentruy.ch\/wp-content\/uploads\/2023\/12\/53375849347_d906e2eb95_o.jpg 1536w\" sizes=\"(max-width: 207px) 100vw, 207px\" \/>Malheureusement, parmi les autres combattants et combattantes du club, personne n&rsquo;est parvenu \u00e0 remporter le moindre combat. Ludovic termine tout de m\u00eame class\u00e9 3\u00e8me en U21 +90kg et Gwendolyn 5\u00e8me en U18 -52kg. Thalia et Pierrik terminent la journ\u00e9e non-class\u00e9-e-s.<\/p>\n<p><strong>&gt;&gt; Lire aussi l&rsquo;article du Quotidien jurassien sur ces championnats: <a href=\"https:\/\/budokanporrentruy.ch\/wp-content\/uploads\/2023\/12\/LQJ_20231204.pdf\">Quotidien jurassien (PDF)<\/a><\/strong><\/p>\n","protected":false},"excerpt":{"rendered":"<p>Samedi \u00e0 Yverdon, Jessica Gurba a remport\u00e9 sa quatri\u00e8me m\u00e9daille nationale d&rsquo;affil\u00e9e en \u00e9lite en se parant d&rsquo;argent chez les -52kg lors des Championnats suisses individuels. Apr\u00e8s une belle victoire en demi-finale face \u00e0 la favorite du jour, sa finale a tourn\u00e9 court. Surprise sur une s\u00e9quence disput\u00e9e en d\u00e9but de combat, elle subit un&#8230;<\/p>\n<p><a href=\"https:\/\/budokanporrentruy.ch\/index.php\/2023\/12\/06\/jessica-vice-championne-suisse\/\"><span class=\"glyphicon glyphicon-arrow-right\"><\/span>&nbsp;Poursuivre la lecture<\/a><\/p>","protected":false},"author":1,"featured_media":0,"comment_status":"closed","ping_status":"closed","sticky":false,"template":"","format":"standard","meta":{"footnotes":""},"categories":[1],"tags":[],"class_list":["post-1939","post","type-post","status-publish","format-standard","hentry","category-non-classe"],"_links":{"self":[{"href":"https:\/\/budokanporrentruy.ch\/index.php\/wp-json\/wp\/v2\/posts\/1939"}],"collection":[{"href":"https:\/\/budokanporrentruy.ch\/index.php\/wp-json\/wp\/v2\/posts"}],"about":[{"href":"https:\/\/budokanporrentruy.ch\/index.php\/wp-json\/wp\/v2\/types\/post"}],"author":[{"embeddable":true,"href":"https:\/\/budokanporrentruy.ch\/index.php\/wp-json\/wp\/v2\/users\/1"}],"replies":[{"embeddable":true,"href":"https:\/\/budokanporrentruy.ch\/index.php\/wp-json\/wp\/v2\/comments?post=1939"}],"version-history":[{"count":6,"href":"https:\/\/budokanporrentruy.ch\/index.php\/wp-json\/wp\/v2\/posts\/1939\/revisions"}],"predecessor-version":[{"id":1949,"href":"https:\/\/budokanporrentruy.ch\/index.php\/wp-json\/wp\/v2\/posts\/1939\/revisions\/1949"}],"wp:attachment":[{"href":"https:\/\/budokanporrentruy.ch\/index.php\/wp-json\/wp\/v2\/media?parent=1939"}],"wp:term":[{"taxonomy":"category","embeddable":true,"href":"https:\/\/budokanporrentruy.ch\/index.php\/wp-json\/wp\/v2\/categories?post=1939"},{"taxonomy":"post_tag","embeddable":true,"href":"https:\/\/budokanporrentruy.ch\/index.php\/wp-json\/wp\/v2\/tags?post=1939"}],"curies":[{"name":"wp","href":"https:\/\/api.w.org\/{rel}","templated":true}]}}