{"id":467,"date":"2018-03-26T21:49:59","date_gmt":"2018-03-26T19:49:59","guid":{"rendered":"https:\/\/budokanporrentruy.ch\/?p=467"},"modified":"2018-03-26T21:59:18","modified_gmt":"2018-03-26T19:59:18","slug":"38eme-coupe-de-naters-haut-valais","status":"publish","type":"post","link":"https:\/\/budokanporrentruy.ch\/index.php\/2018\/03\/26\/38eme-coupe-de-naters-haut-valais\/","title":{"rendered":"38\u00e8me coupe de Naters (Haut-Valais)"},"content":{"rendered":"<p style=\"text-align: justify;\">Apr\u00e8s l\u2019extr\u00e9mit\u00e9 ouest du pays de la semaine derni\u00e8re, c\u2019est le Haut-Valais qui recevait les judokas. Cette comp\u00e9tition r\u00e9unissant les ann\u00e9es 2009 \u00e0 2001, a vu la participation d\u2019environ 200 judokas. Contrairement \u00e0\u00a0 d&rsquo;habitude, aucune d\u00e9l\u00e9gation italienne ou allemande n\u2019\u00e9tait pr\u00e9sente. Et pour couronner le tout, tr\u00e8s peu de judokas suisses. Pas de raisons particuli\u00e8res, mais dommage pour cette 38<sup>\u00e8me<\/sup> \u00e9dition.<!--more--><\/p>\n<p>Pour le Budo-Kan Porrentruy, c\u2019est 4 judokas qui ont foul\u00e9 les tatamis valaisans. Mais les ajoulots se sont bien tir\u00e9s d\u2019affaire, m\u00eame si parfois, les cat\u00e9gories et les\u00a0 podiums \u00e9taient facilement atteignables.<\/p>\n<p>Les r\u00e9sultats :<\/p>\n<table>\n<tbody>\n<tr>\n<td>M\u00e9daille d&rsquo;argent<\/td>\n<td>Justine DE SMET<\/td>\n<td>Fille A -33 kg<\/td>\n<\/tr>\n<tr>\n<td>M\u00e9daille d&rsquo;argent<\/td>\n<td>Alexia SCHAFFTER<\/td>\n<td>Fille A -48 kg<\/td>\n<\/tr>\n<tr>\n<td>M\u00e9daille d&rsquo;argent<\/td>\n<td>Ludovic DE SMET<\/td>\n<td>Gar\u00e7on A +60 kg<\/td>\n<\/tr>\n<tr>\n<td>5\u00e8me place<\/td>\n<td>Boris DRAGHINDA<\/td>\n<td>Espoir Gar\u00e7on -60 kg<\/td>\n<\/tr>\n<\/tbody>\n<\/table>\n<p><img loading=\"lazy\" decoding=\"async\" class=\"alignnone wp-image-470\" src=\"https:\/\/budokanporrentruy.ch\/wp-content\/uploads\/2018\/03\/Justine-ARGENT-300x234.jpg\" alt=\"\" width=\"239\" height=\"187\" srcset=\"https:\/\/budokanporrentruy.ch\/wp-content\/uploads\/2018\/03\/Justine-ARGENT-300x234.jpg 300w, https:\/\/budokanporrentruy.ch\/wp-content\/uploads\/2018\/03\/Justine-ARGENT-768x600.jpg 768w, https:\/\/budokanporrentruy.ch\/wp-content\/uploads\/2018\/03\/Justine-ARGENT-1024x800.jpg 1024w\" sizes=\"(max-width: 239px) 100vw, 239px\" \/>\u00a0\u00a0\u00a0\u00a0 <img loading=\"lazy\" decoding=\"async\" class=\"alignnone size-medium wp-image-469\" src=\"https:\/\/budokanporrentruy.ch\/wp-content\/uploads\/2018\/03\/Alexia-ARGENT-300x186.jpg\" alt=\"\" width=\"300\" height=\"186\" srcset=\"https:\/\/budokanporrentruy.ch\/wp-content\/uploads\/2018\/03\/Alexia-ARGENT-300x186.jpg 300w, https:\/\/budokanporrentruy.ch\/wp-content\/uploads\/2018\/03\/Alexia-ARGENT-768x476.jpg 768w, https:\/\/budokanporrentruy.ch\/wp-content\/uploads\/2018\/03\/Alexia-ARGENT-1024x635.jpg 1024w\" sizes=\"(max-width: 300px) 100vw, 300px\" \/>\u00a0\u00a0\u00a0 <img loading=\"lazy\" decoding=\"async\" class=\"alignnone wp-image-471\" src=\"https:\/\/budokanporrentruy.ch\/wp-content\/uploads\/2018\/03\/Ludovic-ARGENT-1-300x228.jpg\" alt=\"\" width=\"244\" height=\"185\" srcset=\"https:\/\/budokanporrentruy.ch\/wp-content\/uploads\/2018\/03\/Ludovic-ARGENT-1-300x228.jpg 300w, https:\/\/budokanporrentruy.ch\/wp-content\/uploads\/2018\/03\/Ludovic-ARGENT-1-768x584.jpg 768w, https:\/\/budokanporrentruy.ch\/wp-content\/uploads\/2018\/03\/Ludovic-ARGENT-1-1024x779.jpg 1024w\" sizes=\"(max-width: 244px) 100vw, 244px\" \/><\/p>\n<p>&nbsp;<\/p>\n<p>Bravo \u00e0 ces judokas qui n\u2019ont pas eu peur de faire 4 heures de route pour quelques minutes de combats.<\/p>\n<p>&nbsp;<\/p>\n","protected":false},"excerpt":{"rendered":"<p>Apr\u00e8s l\u2019extr\u00e9mit\u00e9 ouest du pays de la semaine derni\u00e8re, c\u2019est le Haut-Valais qui recevait les judokas. Cette comp\u00e9tition r\u00e9unissant les ann\u00e9es 2009 \u00e0 2001, a vu la participation d\u2019environ 200 judokas. Contrairement \u00e0\u00a0 d&rsquo;habitude, aucune d\u00e9l\u00e9gation italienne ou allemande n\u2019\u00e9tait pr\u00e9sente. Et pour couronner le tout, tr\u00e8s peu de judokas suisses. Pas de raisons particuli\u00e8res,&#8230;<\/p>\n<p><a href=\"https:\/\/budokanporrentruy.ch\/index.php\/2018\/03\/26\/38eme-coupe-de-naters-haut-valais\/\"><span class=\"glyphicon glyphicon-arrow-right\"><\/span>&nbsp;Poursuivre la lecture<\/a><\/p>","protected":false},"author":1,"featured_media":0,"comment_status":"closed","ping_status":"closed","sticky":false,"template":"","format":"standard","meta":{"footnotes":""},"categories":[1],"tags":[],"class_list":["post-467","post","type-post","status-publish","format-standard","hentry","category-non-classe"],"_links":{"self":[{"href":"https:\/\/budokanporrentruy.ch\/index.php\/wp-json\/wp\/v2\/posts\/467"}],"collection":[{"href":"https:\/\/budokanporrentruy.ch\/index.php\/wp-json\/wp\/v2\/posts"}],"about":[{"href":"https:\/\/budokanporrentruy.ch\/index.php\/wp-json\/wp\/v2\/types\/post"}],"author":[{"embeddable":true,"href":"https:\/\/budokanporrentruy.ch\/index.php\/wp-json\/wp\/v2\/users\/1"}],"replies":[{"embeddable":true,"href":"https:\/\/budokanporrentruy.ch\/index.php\/wp-json\/wp\/v2\/comments?post=467"}],"version-history":[{"count":4,"href":"https:\/\/budokanporrentruy.ch\/index.php\/wp-json\/wp\/v2\/posts\/467\/revisions"}],"predecessor-version":[{"id":474,"href":"https:\/\/budokanporrentruy.ch\/index.php\/wp-json\/wp\/v2\/posts\/467\/revisions\/474"}],"wp:attachment":[{"href":"https:\/\/budokanporrentruy.ch\/index.php\/wp-json\/wp\/v2\/media?parent=467"}],"wp:term":[{"taxonomy":"category","embeddable":true,"href":"https:\/\/budokanporrentruy.ch\/index.php\/wp-json\/wp\/v2\/categories?post=467"},{"taxonomy":"post_tag","embeddable":true,"href":"https:\/\/budokanporrentruy.ch\/index.php\/wp-json\/wp\/v2\/tags?post=467"}],"curies":[{"name":"wp","href":"https:\/\/api.w.org\/{rel}","templated":true}]}}