{"id":477,"date":"2018-04-15T19:52:06","date_gmt":"2018-04-15T17:52:06","guid":{"rendered":"https:\/\/budokanporrentruy.ch\/?p=477"},"modified":"2018-04-15T19:52:06","modified_gmt":"2018-04-15T17:52:06","slug":"15eme-open-international-de-belgique","status":"publish","type":"post","link":"https:\/\/budokanporrentruy.ch\/index.php\/2018\/04\/15\/15eme-open-international-de-belgique\/","title":{"rendered":"15\u00e8me Open international de Belgique"},"content":{"rendered":"<p>Pour ce week-end, le Budo-Kan Porrentruy a particip\u00e9 \u00e0 la manifestation belge, plut\u00f4t qu\u2019\u00e0 la manche ranking de Bellinzone. Cette grande manifestation internationale, \u00e9tait essentiellement faite pour le ranking national belge des U15 et U18. De plus, l\u2019organisateur avait fix\u00e9 le tournoi dans la reconnaissance europ\u00e9enne.<\/p>\n<p>C\u2019est environ 900 judokas qui ont fait le d\u00e9placement \u00e0 Wavre, \u00e0 environ 50 km de Bruxelles. Ces judokas venaient d\u2019Isra\u00ebl, du Congo, du Cameroun, et d\u2019une dizaine de pays d\u2019Europe. Pour la Suisse, contrairement aux derni\u00e8res ann\u00e9es, seul Porrentruy \u00e9tait pr\u00e9sent. <!--more-->En U15 Fille \u2013 32 kg, Justine DE SMET a gout\u00e9 au podium international. Mais tr\u00e8s facilement puisque apr\u00e8s 2 combats perdus contre la m\u00eame combattante belge, personne d\u2019autre ne concourait dans la cat\u00e9gorie de poids.<\/p>\n<p>En U15 Gar\u00e7on +66 kg, Ludovic DE SMET, avec 2 d\u00e9faites en poule,\u00a0termine \u00e0 la 5\u00e8me place de la cat\u00e9gorie. F\u00e9licitations pour son courage \u00e0 ce niveau de combat. Signalons qu\u2019\u00e0 cette occasion, il inaugurait sa ceinture verte pass\u00e9e brillamment mercredi pass\u00e9.<\/p>\n<p>En U15 Fille -48 kg, Alexia SCHAFFTER partait mentalement pour un \u00e9ventuel podium. Dans la cat\u00e9gorie de 14 judokas, il fallait terminer dans les 2 premiers pour atteindre le tableau final. Elle commence par 2 victoires et 1 d\u00e9faite. Surprise, \u00e0 la fin des combats elles se retrouvent 3 \u00e0 \u00e9galit\u00e9 de points et de victoires. Il a fallu recommencer entre les 3. Avec 2 victoires, elle termine 1ere de sa poule, mais malheureusement avec une blessure \u00e0 l\u2019\u00e9paule. Qualifi\u00e9e en demi-finale, elle s\u2019incline au golden score apr\u00e8s environ 7 minutes de comp\u00e9tition contre la future m\u00e9daill\u00e9e d\u2019or. Juste le temps d\u2019un peu r\u00e9cup\u00e9rer et la voici en combat pour la m\u00e9daille de bronze. N\u2019ayant pas r\u00e9cup\u00e9r\u00e9e et surtout avec l\u2019\u00e9paule en moins, elle s\u2019incline et prend une belle et m\u00e9rit\u00e9e 5\u00e8me place. Avec 7 combats \u00e0 ce niveau d\u2019\u00e2ge, c\u2019est rare et magnifique.\u00a0Inscrite en cat\u00e9gorie Espoir, elle d\u00e9clare forfait pour cause de fatigue et blessure apr\u00e8s son premier combat. Bravo Alexia\u00a0!<\/p>\n<p>Bravo \u00e0 ces 3 judokas courageux\u00a0!<\/p>\n","protected":false},"excerpt":{"rendered":"<p>Pour ce week-end, le Budo-Kan Porrentruy a particip\u00e9 \u00e0 la manifestation belge, plut\u00f4t qu\u2019\u00e0 la manche ranking de Bellinzone. Cette grande manifestation internationale, \u00e9tait essentiellement faite pour le ranking national belge des U15 et U18. De plus, l\u2019organisateur avait fix\u00e9 le tournoi dans la reconnaissance europ\u00e9enne. C\u2019est environ 900 judokas qui ont fait le d\u00e9placement&#8230;<\/p>\n<p><a href=\"https:\/\/budokanporrentruy.ch\/index.php\/2018\/04\/15\/15eme-open-international-de-belgique\/\"><span class=\"glyphicon glyphicon-arrow-right\"><\/span>&nbsp;Poursuivre la lecture<\/a><\/p>","protected":false},"author":1,"featured_media":0,"comment_status":"closed","ping_status":"closed","sticky":false,"template":"","format":"standard","meta":{"footnotes":""},"categories":[1],"tags":[],"class_list":["post-477","post","type-post","status-publish","format-standard","hentry","category-non-classe"],"_links":{"self":[{"href":"https:\/\/budokanporrentruy.ch\/index.php\/wp-json\/wp\/v2\/posts\/477"}],"collection":[{"href":"https:\/\/budokanporrentruy.ch\/index.php\/wp-json\/wp\/v2\/posts"}],"about":[{"href":"https:\/\/budokanporrentruy.ch\/index.php\/wp-json\/wp\/v2\/types\/post"}],"author":[{"embeddable":true,"href":"https:\/\/budokanporrentruy.ch\/index.php\/wp-json\/wp\/v2\/users\/1"}],"replies":[{"embeddable":true,"href":"https:\/\/budokanporrentruy.ch\/index.php\/wp-json\/wp\/v2\/comments?post=477"}],"version-history":[{"count":1,"href":"https:\/\/budokanporrentruy.ch\/index.php\/wp-json\/wp\/v2\/posts\/477\/revisions"}],"predecessor-version":[{"id":478,"href":"https:\/\/budokanporrentruy.ch\/index.php\/wp-json\/wp\/v2\/posts\/477\/revisions\/478"}],"wp:attachment":[{"href":"https:\/\/budokanporrentruy.ch\/index.php\/wp-json\/wp\/v2\/media?parent=477"}],"wp:term":[{"taxonomy":"category","embeddable":true,"href":"https:\/\/budokanporrentruy.ch\/index.php\/wp-json\/wp\/v2\/categories?post=477"},{"taxonomy":"post_tag","embeddable":true,"href":"https:\/\/budokanporrentruy.ch\/index.php\/wp-json\/wp\/v2\/tags?post=477"}],"curies":[{"name":"wp","href":"https:\/\/api.w.org\/{rel}","templated":true}]}}