{"id":483,"date":"2018-05-01T16:17:49","date_gmt":"2018-05-01T14:17:49","guid":{"rendered":"https:\/\/budokanporrentruy.ch\/?p=483"},"modified":"2018-05-01T16:21:32","modified_gmt":"2018-05-01T14:21:32","slug":"30eme-tournoi-international-de-st-gall-ranking-1000","status":"publish","type":"post","link":"https:\/\/budokanporrentruy.ch\/index.php\/2018\/05\/01\/30eme-tournoi-international-de-st-gall-ranking-1000\/","title":{"rendered":"30\u00e8me tournoi international de St-Gall &#8211; ranking 1000"},"content":{"rendered":"<p>Samedi dernier, le Budo-Kan Porrentruy a particip\u00e9 \u00e0 la manche saint-galloise du ranking national. A cette occasion, l\u2019Allemagne, l\u2019Autriche, l\u2019Italie, la France, la Roumanie et la Bosnie ont envoy\u00e9 des combattants. Ainsi le niveau du judo \u00e9tait plac\u00e9 assez haut.<\/p>\n<p>C\u2019est avec Alexia SCHAFFTER (Espoir fille \u2013 48 kg) que la journ\u00e9e a commenc\u00e9. Malheureusement, sur une cat\u00e9gorie de 5 combattantes, Alexia a perdu tous ses combats. Signalons tout de m\u00eame que la cat\u00e9gorie Espoir sera officiellement sa cat\u00e9gorie en 2019. Donc pour l\u2019instant, cela reste un apprentissage difficile. Mais son courage est r\u00e9compens\u00e9 par 2 pts ranking qui lui fera du bien mentalement.<\/p>\n<p>Le<img loading=\"lazy\" decoding=\"async\" class=\"wp-image-482 alignleft\" src=\"https:\/\/budokanporrentruy.ch\/wp-content\/uploads\/2018\/05\/Podium-Pierrik-300x231.jpg\" alt=\"\" width=\"234\" height=\"180\" srcset=\"https:\/\/budokanporrentruy.ch\/wp-content\/uploads\/2018\/05\/Podium-Pierrik-300x231.jpg 300w, https:\/\/budokanporrentruy.ch\/wp-content\/uploads\/2018\/05\/Podium-Pierrik-768x592.jpg 768w, https:\/\/budokanporrentruy.ch\/wp-content\/uploads\/2018\/05\/Podium-Pierrik-1024x789.jpg 1024w, https:\/\/budokanporrentruy.ch\/wp-content\/uploads\/2018\/05\/Podium-Pierrik.jpg 1436w\" sizes=\"(max-width: 234px) 100vw, 234px\" \/> 2<sup>\u00e8me<\/sup> repr\u00e9sentant est Pierrik JORDAN.\u00a0 Pour lui par contre c\u2019est une belle surprise.\u00a0 En effet gr\u00e2ce \u00e0 3 victoires en Elite -73 kg, (2 x par WAZA ARI et 1 x IPPON en finale) il remporte sa 1<sup>\u00e8re<\/sup> m\u00e9daille d\u2019OR dans un ranking national. Super r\u00e9sultat pour ce titulaire en \u00e9quipe Judo Jura.<!--more--><\/p>\n<p>Pour la journ\u00e9e de dimanche consacr\u00e9e aux Ecoliers et Filles de 2011 \u00e0 2005, c\u2019est 2 judokas qui ont d\u00e9fendu les couleurs du club.<\/p>\n<p>En Fille \u201330 kg, Justine DE SMET remporte le 1<sup>er<\/sup> combat et perd le deuxi\u00e8me. Ayant normalement termin\u00e9 selon les organisateurs, on l\u2019appelle quelques minutes apr\u00e8s pour lui signaler qu\u2019elle doit faire la finale imm\u00e9diatement. Surprise de cette d\u00e9cision, elle se retrouve face \u00e0 la m\u00eame partenaire. Ayant pas tout \u00e0 fait r\u00e9cup\u00e9r\u00e9, elle s\u2019incline sur immobilisation non sans avoir r\u00e9alis\u00e9 son meilleur combat de la journ\u00e9e. Mais, une belle m\u00e9daille d\u2019argent la r\u00e9compense de ses malheurs.<\/p>\n<p>En \u00e9colier U15, + 60 kg, c\u2019est Ludovic DE SMET qui a combattu. Pour lui la motivation \u00e9tait pr\u00e9sente, mais le manque d\u2019exp\u00e9rience en comp\u00e9tition le prive de pouvoir s\u2019ext\u00e9rioriser. Et ainsi avec 2 d\u00e9faites il termine \u00e0 la 3<sup>\u00e8me<\/sup> place de sa cat\u00e9gorie.<\/p>\n<p>Bravo \u00e0 tous ces combattants\u00a0!<\/p>\n","protected":false},"excerpt":{"rendered":"<p>Samedi dernier, le Budo-Kan Porrentruy a particip\u00e9 \u00e0 la manche saint-galloise du ranking national. A cette occasion, l\u2019Allemagne, l\u2019Autriche, l\u2019Italie, la France, la Roumanie et la Bosnie ont envoy\u00e9 des combattants. Ainsi le niveau du judo \u00e9tait plac\u00e9 assez haut. C\u2019est avec Alexia SCHAFFTER (Espoir fille \u2013 48 kg) que la journ\u00e9e a commenc\u00e9. Malheureusement,&#8230;<\/p>\n<p><a href=\"https:\/\/budokanporrentruy.ch\/index.php\/2018\/05\/01\/30eme-tournoi-international-de-st-gall-ranking-1000\/\"><span class=\"glyphicon glyphicon-arrow-right\"><\/span>&nbsp;Poursuivre la lecture<\/a><\/p>","protected":false},"author":1,"featured_media":0,"comment_status":"closed","ping_status":"closed","sticky":false,"template":"","format":"standard","meta":{"footnotes":""},"categories":[1],"tags":[],"class_list":["post-483","post","type-post","status-publish","format-standard","hentry","category-non-classe"],"_links":{"self":[{"href":"https:\/\/budokanporrentruy.ch\/index.php\/wp-json\/wp\/v2\/posts\/483"}],"collection":[{"href":"https:\/\/budokanporrentruy.ch\/index.php\/wp-json\/wp\/v2\/posts"}],"about":[{"href":"https:\/\/budokanporrentruy.ch\/index.php\/wp-json\/wp\/v2\/types\/post"}],"author":[{"embeddable":true,"href":"https:\/\/budokanporrentruy.ch\/index.php\/wp-json\/wp\/v2\/users\/1"}],"replies":[{"embeddable":true,"href":"https:\/\/budokanporrentruy.ch\/index.php\/wp-json\/wp\/v2\/comments?post=483"}],"version-history":[{"count":5,"href":"https:\/\/budokanporrentruy.ch\/index.php\/wp-json\/wp\/v2\/posts\/483\/revisions"}],"predecessor-version":[{"id":488,"href":"https:\/\/budokanporrentruy.ch\/index.php\/wp-json\/wp\/v2\/posts\/483\/revisions\/488"}],"wp:attachment":[{"href":"https:\/\/budokanporrentruy.ch\/index.php\/wp-json\/wp\/v2\/media?parent=483"}],"wp:term":[{"taxonomy":"category","embeddable":true,"href":"https:\/\/budokanporrentruy.ch\/index.php\/wp-json\/wp\/v2\/categories?post=483"},{"taxonomy":"post_tag","embeddable":true,"href":"https:\/\/budokanporrentruy.ch\/index.php\/wp-json\/wp\/v2\/tags?post=483"}],"curies":[{"name":"wp","href":"https:\/\/api.w.org\/{rel}","templated":true}]}}