{"id":738,"date":"2018-09-24T16:41:45","date_gmt":"2018-09-24T14:41:45","guid":{"rendered":"https:\/\/budokanporrentruy.ch\/?p=738"},"modified":"2018-09-24T17:31:18","modified_gmt":"2018-09-24T15:31:18","slug":"tournoi-de-morat-ranking-100","status":"publish","type":"post","link":"https:\/\/budokanporrentruy.ch\/index.php\/2018\/09\/24\/tournoi-de-morat-ranking-100\/","title":{"rendered":"Tournoi de Morat &#8211; Ranking 1000"},"content":{"rendered":"<p>Pour cette derni\u00e8re manche du ranking national 2018, le Budo-Kan s\u2019est d\u00e9plac\u00e9 \u00e0 Morat avec 1 combattante.<\/p>\n<p style=\"text-align: justify;\">Pour le club, seulement Alexia SCHAFFTER voulait se rattraper de sa derni\u00e8re sortie rest\u00e9e en travers de la gorge avec 3 d\u00e9faites. Ainsi encore une fois pes\u00e9e en -52 kg, elle fait nettement mieux. Apr\u00e8s une d\u00e9faite en \u00bc de finale contre la championne suisse en titre, elle aligne 2 victoires en rep\u00eachage et se retrouve qualifi\u00e9e pour la petite finale. Apr\u00e8s avoir men\u00e9 au score jusqu\u2019\u00e0 une seconde de la fin du combat, elle s\u2019incline au Golden score. Elle termine \u00e0 une belle 5\u00e8me\u00a0place, synonyme de finales nationales qui se d\u00e9rouleront au mois de novembre \u00e0 Saint-Gall.<!--more--><\/p>\n<p style=\"text-align: justify;\">A cette occasion, elle sera accompagn\u00e9e de Pierrik JORDAN (Elite \u201373 kg) et peut-\u00eatre de Jessica GURBA (Dame \u201352 kg).<\/p>\n<p style=\"text-align: justify;\">Pour la journ\u00e9e de dimanche, le club de Morat a profit\u00e9 des installations pour organiser son tournoi national. Les Ecoliers A (2004\u20132005), les Ecoliers B (2006\u20132007) ainsi que les filles se rencontraient avec un syst\u00e8me de poule suivi d\u2019un tableau sans rep\u00eachage. Pour les Ecoliers C (2008 \u00e0 2009) et Ecoliers D (2010\u20132011) des groupes de 4-5 combattants mixtes, se sont battus dans leur groupe uniquement. Pour le club, c\u2019est 6 judokas qui ont foul\u00e9 les tatamis fribourgeois.<\/p>\n<p>En voici les r\u00e9sultats :<\/p>\n<table style=\"height: 180px;\" width=\"716\">\n<tbody>\n<tr>\n<td style=\"width: 149.73px;\">Ludovic DE SMET<\/td>\n<td style=\"width: 129.07px;\">Ecolier A + 60 kg<\/td>\n<td style=\"width: 415.2px;\">Pas class\u00e9\u00a0 (1 victoire\u00a0et 2 d\u00e9faites)<\/td>\n<\/tr>\n<tr>\n<td style=\"width: 149.73px;\">Justine DE SMET<\/td>\n<td style=\"width: 129.07px;\">Fille\u00a0A &#8211; 33 kg<\/td>\n<td style=\"width: 415.2px;\">M\u00e9daille d&rsquo;argent (1 victoire et 1 d\u00e9faite)<\/td>\n<\/tr>\n<tr>\n<td style=\"width: 149.73px;\">Thalia LECHENNE<\/td>\n<td style=\"width: 129.07px;\">Fille A &#8211; 40 kg<\/td>\n<td style=\"width: 415.2px;\">Pas class\u00e9e (3 d\u00e9faites apr\u00e8s 6 mois arr\u00eat pour blessure)<\/td>\n<\/tr>\n<tr>\n<td style=\"width: 149.73px;\">Alexia SCHAFFTER<\/td>\n<td style=\"width: 129.07px;\">Fille A -52 kg<\/td>\n<td style=\"width: 415.2px;\">5\u00e8me (1 victoire et 2 d\u00e9faites)<\/td>\n<\/tr>\n<tr>\n<td style=\"width: 149.73px;\">Basile CRELIER<\/td>\n<td style=\"width: 129.07px;\">Ecolier B &#8211; 40 kg<\/td>\n<td style=\"width: 415.2px;\">Pas class\u00e9 (bless\u00e9 lors du 1er combat)<\/td>\n<\/tr>\n<tr>\n<td style=\"width: 149.73px;\">Lily FRIDEZ<\/td>\n<td style=\"width: 129.07px;\">Ecolier D &#8211; 36 kg<\/td>\n<td style=\"width: 415.2px;\">M\u00e9daille de Bronze (1 victoire et 2 d\u00e9faites)<\/td>\n<\/tr>\n<\/tbody>\n<\/table>\n<p>&nbsp;<\/p>\n<div id=\"attachment_745\" style=\"width: 192px\" class=\"wp-caption alignnone\"><img loading=\"lazy\" decoding=\"async\" aria-describedby=\"caption-attachment-745\" class=\"wp-image-745\" src=\"https:\/\/budokanporrentruy.ch\/wp-content\/uploads\/2018\/09\/Morat18-Justine-300x274.jpg\" alt=\"\" width=\"182\" height=\"166\" \/><p id=\"caption-attachment-745\" class=\"wp-caption-text\"><span style=\"font-size: 8pt;\"><em>Justine De Smet &#8211; M\u00e9daille d&rsquo;argent<\/em><\/span><\/p><\/div>\n<div id=\"attachment_744\" style=\"width: 173px\" class=\"wp-caption alignnone\"><img loading=\"lazy\" decoding=\"async\" aria-describedby=\"caption-attachment-744\" class=\"wp-image-744\" src=\"https:\/\/budokanporrentruy.ch\/wp-content\/uploads\/2018\/09\/Morat-18-Lily-255x300.jpg\" alt=\"\" width=\"163\" height=\"192\" \/><p id=\"caption-attachment-744\" class=\"wp-caption-text\"><em><span style=\"font-size: 8pt;\">Lily Fridez &#8211; M\u00e9daille de bronze<\/span><\/em><\/p><\/div>\n<p>&nbsp;<\/p>\n<p>&nbsp;<\/p>\n<p>&nbsp;<\/p>\n<p>&nbsp;<\/p>\n<p>&nbsp;<\/p>\n<p>&nbsp;<\/p>\n<p>Bravo \u00e0 tous ces jeunes judokas !<\/p>\n","protected":false},"excerpt":{"rendered":"<p>Pour cette derni\u00e8re manche du ranking national 2018, le Budo-Kan s\u2019est d\u00e9plac\u00e9 \u00e0 Morat avec 1 combattante. Pour le club, seulement Alexia SCHAFFTER voulait se rattraper de sa derni\u00e8re sortie rest\u00e9e en travers de la gorge avec 3 d\u00e9faites. Ainsi encore une fois pes\u00e9e en -52 kg, elle fait nettement mieux. Apr\u00e8s une d\u00e9faite en&#8230;<\/p>\n<p><a href=\"https:\/\/budokanporrentruy.ch\/index.php\/2018\/09\/24\/tournoi-de-morat-ranking-100\/\"><span class=\"glyphicon glyphicon-arrow-right\"><\/span>&nbsp;Poursuivre la lecture<\/a><\/p>","protected":false},"author":1,"featured_media":0,"comment_status":"closed","ping_status":"closed","sticky":false,"template":"","format":"standard","meta":{"footnotes":""},"categories":[1],"tags":[],"class_list":["post-738","post","type-post","status-publish","format-standard","hentry","category-non-classe"],"_links":{"self":[{"href":"https:\/\/budokanporrentruy.ch\/index.php\/wp-json\/wp\/v2\/posts\/738"}],"collection":[{"href":"https:\/\/budokanporrentruy.ch\/index.php\/wp-json\/wp\/v2\/posts"}],"about":[{"href":"https:\/\/budokanporrentruy.ch\/index.php\/wp-json\/wp\/v2\/types\/post"}],"author":[{"embeddable":true,"href":"https:\/\/budokanporrentruy.ch\/index.php\/wp-json\/wp\/v2\/users\/1"}],"replies":[{"embeddable":true,"href":"https:\/\/budokanporrentruy.ch\/index.php\/wp-json\/wp\/v2\/comments?post=738"}],"version-history":[{"count":9,"href":"https:\/\/budokanporrentruy.ch\/index.php\/wp-json\/wp\/v2\/posts\/738\/revisions"}],"predecessor-version":[{"id":749,"href":"https:\/\/budokanporrentruy.ch\/index.php\/wp-json\/wp\/v2\/posts\/738\/revisions\/749"}],"wp:attachment":[{"href":"https:\/\/budokanporrentruy.ch\/index.php\/wp-json\/wp\/v2\/media?parent=738"}],"wp:term":[{"taxonomy":"category","embeddable":true,"href":"https:\/\/budokanporrentruy.ch\/index.php\/wp-json\/wp\/v2\/categories?post=738"},{"taxonomy":"post_tag","embeddable":true,"href":"https:\/\/budokanporrentruy.ch\/index.php\/wp-json\/wp\/v2\/tags?post=738"}],"curies":[{"name":"wp","href":"https:\/\/api.w.org\/{rel}","templated":true}]}}