{"id":886,"date":"2019-03-08T20:24:12","date_gmt":"2019-03-08T19:24:12","guid":{"rendered":"https:\/\/budokanporrentruy.ch\/?p=886"},"modified":"2019-03-08T20:27:16","modified_gmt":"2019-03-08T19:27:16","slug":"28eme-tournoi-international-daudincourt","status":"publish","type":"post","link":"https:\/\/budokanporrentruy.ch\/index.php\/2019\/03\/08\/28eme-tournoi-international-daudincourt\/","title":{"rendered":"28\u00e8me tournoi international d&rsquo;Audincourt"},"content":{"rendered":"<p style=\"text-align: justify;\">Le week-end du 23-24 f\u00e9vrier dernier, le club d\u2019Audincourt organisait son 29<sup>\u00e8me<\/sup> tournoi international. Cette ann\u00e9e la concurrence \u00e9tait \u00e0 nouveau pr\u00e9sente. C\u2019est environ 960 judokas allemands, fran\u00e7ais, tch\u00e8ques, ilaliens et suisses, qui se sont partag\u00e9 les tatamis pendant ces 2 journ\u00e9es.<\/p>\n<p style=\"text-align: justify;\">Pour le Budo-Kan Porrentruy, dont c\u2019\u00e9tait la 26<sup>\u00e8me<\/sup> pr\u00e9sence, ce sont 7 judokas qui se sont d\u00e9plac\u00e9s.<!--more--><\/p>\n<p style=\"text-align: justify;\">Pour la journ\u00e9e du samedi, c\u2019est env 550 inscrits qui ont foul\u00e9 les tatamis d\u2019Audincourt.<\/p>\n<p style=\"text-align: justify;\">Les combats des cat\u00e9gories Moustiques (2013\u20132014), Mini-poussins (2011\u20132012) et Poussins (2009\u20132010) durent entre 1 \u00e0 2 minutes maximum. \u00a0Aucunes p\u00e9nalit\u00e9s n\u2019\u00e9taient mises, mais des explications des fautes \u00e9taient donn\u00e9es par les arbitres. Tous les enfants \u00e9taient r\u00e9compens\u00e9s par une m\u00e9daille apr\u00e8s avoir notamment combattu au minimum 3 fois.<\/p>\n<p style=\"text-align: justify;\">Par le BKP, une belle r\u00e9compense a \u00e9t\u00e9 distribu\u00e9e \u00e0 un courageux combattants pratiquant le judo depuis environ 2 mois :<\/p>\n<table>\n<tbody>\n<tr>\n<td><em><strong>Nom, pr\u00e9nom<\/strong><\/em><\/td>\n<td><em><strong>Classement<\/strong><\/em><\/td>\n<td><em><strong>Cat\u00e9gorie<\/strong><\/em><\/td>\n<\/tr>\n<tr>\n<td>CHAIGNAT Isaac<\/td>\n<td>m\u00e9daille de bronze<\/td>\n<td>Mini-poussin -30 kg<\/td>\n<\/tr>\n<\/tbody>\n<\/table>\n<p style=\"text-align: justify;\">Pour la journ\u00e9e du dimanche, ce sont 410 judokas qui ont foul\u00e9s les tatamis. Dans ces cat\u00e9gories, le club a obtenu de merveilleux r\u00e9sultats :<\/p>\n<table>\n<tbody>\n<tr>\n<td><em><strong>Nom, pr\u00e9nom<\/strong><\/em><\/td>\n<td><em><strong>Classement<\/strong><\/em><\/td>\n<td><em><strong>Cat\u00e9gorie<\/strong><\/em><\/td>\n<\/tr>\n<tr>\n<td>DE SMET Ludovic<\/td>\n<td>M\u00e9daille d&rsquo;argent<\/td>\n<td>Cadet -81 kg<\/td>\n<\/tr>\n<tr>\n<td>SCHAFFTER Alexia<\/td>\n<td>M\u00e9daille d&rsquo;argent<\/td>\n<td>Cadette -57 kg<\/td>\n<\/tr>\n<tr>\n<td>DE SMET Justine<\/td>\n<td>M\u00e9daille de bronze<\/td>\n<td>Minime Fille -36 kg<\/td>\n<\/tr>\n<tr>\n<td>BERTINOTTI Gwendolyn<\/td>\n<td>M\u00e9daille de bronze<\/td>\n<td>Minime Fille -40 kg<\/td>\n<\/tr>\n<tr>\n<td>FRIDEZ Lily<\/td>\n<td>M\u00e9daille de bronze<\/td>\n<td>Benjamine -40 kg<\/td>\n<\/tr>\n<tr>\n<td>PETIGNAT Tristan<\/td>\n<td>Pas class\u00e9<\/td>\n<td>Minime Gar\u00e7on -55 kg<\/td>\n<\/tr>\n<\/tbody>\n<\/table>\n<p>Un grand bravo \u00e0 ces judokas !<strong><em><br \/>\n<\/em><\/strong><\/p>\n","protected":false},"excerpt":{"rendered":"<p>Le week-end du 23-24 f\u00e9vrier dernier, le club d\u2019Audincourt organisait son 29\u00e8me tournoi international. Cette ann\u00e9e la concurrence \u00e9tait \u00e0 nouveau pr\u00e9sente. C\u2019est environ 960 judokas allemands, fran\u00e7ais, tch\u00e8ques, ilaliens et suisses, qui se sont partag\u00e9 les tatamis pendant ces 2 journ\u00e9es. Pour le Budo-Kan Porrentruy, dont c\u2019\u00e9tait la 26\u00e8me pr\u00e9sence, ce sont 7 judokas&#8230;<\/p>\n<p><a href=\"https:\/\/budokanporrentruy.ch\/index.php\/2019\/03\/08\/28eme-tournoi-international-daudincourt\/\"><span class=\"glyphicon glyphicon-arrow-right\"><\/span>&nbsp;Poursuivre la lecture<\/a><\/p>","protected":false},"author":1,"featured_media":0,"comment_status":"closed","ping_status":"closed","sticky":false,"template":"","format":"standard","meta":{"footnotes":""},"categories":[1],"tags":[],"class_list":["post-886","post","type-post","status-publish","format-standard","hentry","category-non-classe"],"_links":{"self":[{"href":"https:\/\/budokanporrentruy.ch\/index.php\/wp-json\/wp\/v2\/posts\/886"}],"collection":[{"href":"https:\/\/budokanporrentruy.ch\/index.php\/wp-json\/wp\/v2\/posts"}],"about":[{"href":"https:\/\/budokanporrentruy.ch\/index.php\/wp-json\/wp\/v2\/types\/post"}],"author":[{"embeddable":true,"href":"https:\/\/budokanporrentruy.ch\/index.php\/wp-json\/wp\/v2\/users\/1"}],"replies":[{"embeddable":true,"href":"https:\/\/budokanporrentruy.ch\/index.php\/wp-json\/wp\/v2\/comments?post=886"}],"version-history":[{"count":4,"href":"https:\/\/budokanporrentruy.ch\/index.php\/wp-json\/wp\/v2\/posts\/886\/revisions"}],"predecessor-version":[{"id":890,"href":"https:\/\/budokanporrentruy.ch\/index.php\/wp-json\/wp\/v2\/posts\/886\/revisions\/890"}],"wp:attachment":[{"href":"https:\/\/budokanporrentruy.ch\/index.php\/wp-json\/wp\/v2\/media?parent=886"}],"wp:term":[{"taxonomy":"category","embeddable":true,"href":"https:\/\/budokanporrentruy.ch\/index.php\/wp-json\/wp\/v2\/categories?post=886"},{"taxonomy":"post_tag","embeddable":true,"href":"https:\/\/budokanporrentruy.ch\/index.php\/wp-json\/wp\/v2\/tags?post=886"}],"curies":[{"name":"wp","href":"https:\/\/api.w.org\/{rel}","templated":true}]}}