{"id":923,"date":"2019-05-03T22:39:54","date_gmt":"2019-05-03T20:39:54","guid":{"rendered":"https:\/\/budokanporrentruy.ch\/?p=923"},"modified":"2019-05-03T22:39:54","modified_gmt":"2019-05-03T20:39:54","slug":"5eme-little-kano-a-villard-sur-glane","status":"publish","type":"post","link":"https:\/\/budokanporrentruy.ch\/index.php\/2019\/05\/03\/5eme-little-kano-a-villard-sur-glane\/","title":{"rendered":"5\u00e8me Little Kano \u00e0 Villard-sur-Gl\u00e2ne"},"content":{"rendered":"<div id=\"attachment_924\" style=\"width: 111px\" class=\"wp-caption alignright\"><img loading=\"lazy\" decoding=\"async\" aria-describedby=\"caption-attachment-924\" class=\"wp-image-924 size-medium\" src=\"https:\/\/budokanporrentruy.ch\/wp-content\/uploads\/2019\/05\/019-101x300.jpg\" alt=\"\" width=\"101\" height=\"300\" srcset=\"https:\/\/budokanporrentruy.ch\/wp-content\/uploads\/2019\/05\/019-101x300.jpg 101w, https:\/\/budokanporrentruy.ch\/wp-content\/uploads\/2019\/05\/019-345x1024.jpg 345w, https:\/\/budokanporrentruy.ch\/wp-content\/uploads\/2019\/05\/019.jpg 487w\" sizes=\"(max-width: 101px) 100vw, 101px\" \/><p id=\"caption-attachment-924\" class=\"wp-caption-text\"><em><span style=\"font-size: 8pt;\">Marie Draghinda Isaac Chaignat<\/span><\/em><\/p><\/div>\n<p style=\"text-align: justify;\">Pour cette comp\u00e9tition, l\u2019association fribourgeoise avec le soutien de la f\u00e9d\u00e9ration suisse de judo, ont organis\u00e9 la 5\u00e8me \u00e9dition de son tournoi pour jeunes enfants. Le but est de donn\u00e9 aux jeunes judokas la possibilit\u00e9 de combattre \u00e0 3-4 reprises sans avoir la pression du r\u00e9sultat, sachant que tout le monde\u00a0monte sur le podium pour recevoir une r\u00e9compense.<\/p>\n<p style=\"text-align: justify;\">Cette ann\u00e9e c\u2019est les jeunes de 2009 \u00e0 2012 qui participaient activement \u00e0 cette manifestation. Bas\u00e9 sur le syst\u00e8me fran\u00e7ais, c\u2019est une organisation tr\u00e8s int\u00e9ressante pour les futurs combattants. Pour cette \u00e9dition, c\u2019est environ 420 judokas qui ont foul\u00e9 les tatamis fribourgeois. La formule veut que des groupes de 4 ou 5 soient form\u00e9s avec la m\u00eame ann\u00e9e de naissance et les poids \u00e9gaux avec environ 1 kg de diff\u00e9rence.<!--more-->Pour le Budo-Kan Porrentruy, 1 seul judoka a tent\u00e9 sa chance\u00a0! Ainsi, Isaac CHAIGNAT a remport\u00e9 son 1<sup>er<\/sup> combat en manifestation officielle. Perdant ensuite ces 2 combats contre plus exp\u00e9riment\u00e9s, il monte tout heureux sur le podium \u00e0 la 3\u00e8me place. Bravo \u00e0 lui\u00a0!<\/p>\n<p style=\"text-align: justify;\">Signalons \u00e9galement que lors de cette manifestation organis\u00e9e par des jeunes de 14 \u00e0 18 ans, un cours d\u2019arbitrage destin\u00e9 aux jeunes a permis \u00e0 Marie Draghinda (pour la 3\u00e8me fois) d\u2019y participer et d\u2019arbitrer toute la journ\u00e9e.<\/p>\n<p style=\"text-align: justify;\">Les organisateurs ont promis de faire une 6\u00e8me \u00e9dition de la manifestation en 2020.<\/p>\n","protected":false},"excerpt":{"rendered":"<p>Pour cette comp\u00e9tition, l\u2019association fribourgeoise avec le soutien de la f\u00e9d\u00e9ration suisse de judo, ont organis\u00e9 la 5\u00e8me \u00e9dition de son tournoi pour jeunes enfants. Le but est de donn\u00e9 aux jeunes judokas la possibilit\u00e9 de combattre \u00e0 3-4 reprises sans avoir la pression du r\u00e9sultat, sachant que tout le monde\u00a0monte sur le podium pour&#8230;<\/p>\n<p><a href=\"https:\/\/budokanporrentruy.ch\/index.php\/2019\/05\/03\/5eme-little-kano-a-villard-sur-glane\/\"><span class=\"glyphicon glyphicon-arrow-right\"><\/span>&nbsp;Poursuivre la lecture<\/a><\/p>","protected":false},"author":1,"featured_media":0,"comment_status":"closed","ping_status":"closed","sticky":false,"template":"","format":"standard","meta":{"footnotes":""},"categories":[1],"tags":[],"class_list":["post-923","post","type-post","status-publish","format-standard","hentry","category-non-classe"],"_links":{"self":[{"href":"https:\/\/budokanporrentruy.ch\/index.php\/wp-json\/wp\/v2\/posts\/923"}],"collection":[{"href":"https:\/\/budokanporrentruy.ch\/index.php\/wp-json\/wp\/v2\/posts"}],"about":[{"href":"https:\/\/budokanporrentruy.ch\/index.php\/wp-json\/wp\/v2\/types\/post"}],"author":[{"embeddable":true,"href":"https:\/\/budokanporrentruy.ch\/index.php\/wp-json\/wp\/v2\/users\/1"}],"replies":[{"embeddable":true,"href":"https:\/\/budokanporrentruy.ch\/index.php\/wp-json\/wp\/v2\/comments?post=923"}],"version-history":[{"count":1,"href":"https:\/\/budokanporrentruy.ch\/index.php\/wp-json\/wp\/v2\/posts\/923\/revisions"}],"predecessor-version":[{"id":926,"href":"https:\/\/budokanporrentruy.ch\/index.php\/wp-json\/wp\/v2\/posts\/923\/revisions\/926"}],"wp:attachment":[{"href":"https:\/\/budokanporrentruy.ch\/index.php\/wp-json\/wp\/v2\/media?parent=923"}],"wp:term":[{"taxonomy":"category","embeddable":true,"href":"https:\/\/budokanporrentruy.ch\/index.php\/wp-json\/wp\/v2\/categories?post=923"},{"taxonomy":"post_tag","embeddable":true,"href":"https:\/\/budokanporrentruy.ch\/index.php\/wp-json\/wp\/v2\/tags?post=923"}],"curies":[{"name":"wp","href":"https:\/\/api.w.org\/{rel}","templated":true}]}}