{"id":927,"date":"2019-05-03T22:46:50","date_gmt":"2019-05-03T20:46:50","guid":{"rendered":"https:\/\/budokanporrentruy.ch\/?p=927"},"modified":"2019-06-10T17:27:58","modified_gmt":"2019-06-10T15:27:58","slug":"927","status":"publish","type":"post","link":"https:\/\/budokanporrentruy.ch\/index.php\/2019\/05\/03\/927\/","title":{"rendered":"Tournoi international de Wavre (Belgique)"},"content":{"rendered":"<div id=\"attachment_925\" style=\"width: 215px\" class=\"wp-caption alignright\"><img loading=\"lazy\" decoding=\"async\" aria-describedby=\"caption-attachment-925\" width=\"205\" height=\"236\" class=\"wp-image-925\" alt=\"\" src=\"https:\/\/budokanporrentruy.ch\/wp-content\/uploads\/2019\/05\/010-261x300.jpg\" srcset=\"https:\/\/budokanporrentruy.ch\/wp-content\/uploads\/2019\/05\/010-261x300.jpg 261w, https:\/\/budokanporrentruy.ch\/wp-content\/uploads\/2019\/05\/010-768x883.jpg 768w, https:\/\/budokanporrentruy.ch\/wp-content\/uploads\/2019\/05\/010-890x1024.jpg 890w\" sizes=\"(max-width: 205px) 100vw, 205px\" \/><p id=\"caption-attachment-925\" class=\"wp-caption-text\"><em><span style=\"font-size: 8pt;\">Jessica Gurba \/ Alexia Schaffter<\/span><\/em><\/p><\/div>\n<p>Chaque ann\u00e9e une douzaine de pays (Belgique, France, Pays-Bas, Allemagne, Italie, Suisse, Luxembourg, Angleterre, Espagne, Tch\u00e9quie, Portugal, Congo et Cameroun, etc&#8230;), soit plus de 150 clubs et 1000 judokas ont particip\u00e9 \u00e0 cette manifestation.<\/p>\n<p style=\"text-align: justify;\">Pour ce week-end de P\u00e2ques, le Budo-Kan Porrentruy s\u2019est d\u00e9plac\u00e9 avec seulement 2 judokas.<!--more--><\/p>\n<p style=\"text-align: justify;\">En Espoir Fille \u2013 57 kg (2002\u20132004), c\u2019est Alexia SCHAFFTER qui a ouvert les feux. Dans une cat\u00e9gorie repr\u00e9sent\u00e9e par 10 filles, elle a parfaitement tir\u00e9 son \u00e9pingle du jeu en gagnant son premier combat en quelques secondes et ainsi la confiance est venue tr\u00e8s vite. Un peu trop peut-\u00eatre, puisque au 2\u00e8me combat elle s\u2019incline face \u00e0 une combattante plus entreprenante. Pour le 3\u00e8me combat de poule, elle se doit de l\u2019emporter afin de se qualifier pour les \u00bd finales, ce qu\u2019elle r\u00e9ussit \u00e0 la perfection en envoyant son adversaire proprement et nettement. Pour sa demi-finale, elle n\u2019a pas eu grand-chose \u00e0 dire et \u00e0 faire et s\u2019incline face \u00e0 une judokate bien plus technicienne. Qualifi\u00e9e en petite finale, Alexia a su trouver les ressources n\u00e9cessaires pour remporter son combat avec une immobilisation et se parer ainsi d\u2019une belle m\u00e9daille de bronze apr\u00e8s sa 5\u00e8me place de l\u2019an pass\u00e9.<\/p>\n<p style=\"text-align: justify;\">La seconde participante jurassienne a eu presque le m\u00eame parcours. En effet, en Dame + 18 ans, &#8211; 57 kg \u00e9galement, 10 combattantes \u00e9taient inscrites. Jessica GURBA a r\u00e9alis\u00e9 un parcours encore plus fabuleux. Dans sa poule, elle remporte ses 3 combats avant la limite en battant notamment une s\u00e9lectionn\u00e9e nationale du Luxembourg habitu\u00e9e aux coupes d\u2019Europe. Qualifi\u00e9e directement en \u00bd finale, elle encha\u00eene avec une 4\u00e8me victoire et une place en finale. Gr\u00e2ce aux diff\u00e9rents combats gagn\u00e9s, la demoiselle du Luxembourg a la possibilit\u00e9 de reprendre sa revanche, ce qu\u2019elle a fait avant la moiti\u00e9 du temps de comp\u00e9tition. Ainsi, pour Jessica, c\u2019est avec une belle m\u00e9daille d\u2019argent qu\u2019elle rentre au Jura.<\/p>\n<p style=\"text-align: justify;\">Ainsi avec 2 superbes podiums, la petite d\u00e9l\u00e9gation peut se montrer tr\u00e8s satisfaite. Et en plus, pour les 2 combattantes, une motivation et une certaine d\u00e9monstration technique qui a beaucoup plus.<\/p>\n<p style=\"text-align: justify;\">Signalons \u00e9galement que pour l\u2019heure, ces 2 combattantes ont assur\u00e9 la qualification aux finales nationales du mois de novembre, ce qui est tr\u00e8s r\u00e9jouissant.<\/p>\n","protected":false},"excerpt":{"rendered":"<p>Chaque ann\u00e9e une douzaine de pays (Belgique, France, Pays-Bas, Allemagne, Italie, Suisse, Luxembourg, Angleterre, Espagne, Tch\u00e9quie, Portugal, Congo et Cameroun, etc&#8230;), soit plus de 150 clubs et 1000 judokas ont particip\u00e9 \u00e0 cette manifestation. Pour ce week-end de P\u00e2ques, le Budo-Kan Porrentruy s\u2019est d\u00e9plac\u00e9 avec seulement 2 judokas.<\/p>\n<p><a href=\"https:\/\/budokanporrentruy.ch\/index.php\/2019\/05\/03\/927\/\"><span class=\"glyphicon glyphicon-arrow-right\"><\/span>&nbsp;Poursuivre la lecture<\/a><\/p>","protected":false},"author":1,"featured_media":0,"comment_status":"closed","ping_status":"closed","sticky":false,"template":"","format":"standard","meta":{"footnotes":""},"categories":[1],"tags":[],"class_list":["post-927","post","type-post","status-publish","format-standard","hentry","category-non-classe"],"_links":{"self":[{"href":"https:\/\/budokanporrentruy.ch\/index.php\/wp-json\/wp\/v2\/posts\/927"}],"collection":[{"href":"https:\/\/budokanporrentruy.ch\/index.php\/wp-json\/wp\/v2\/posts"}],"about":[{"href":"https:\/\/budokanporrentruy.ch\/index.php\/wp-json\/wp\/v2\/types\/post"}],"author":[{"embeddable":true,"href":"https:\/\/budokanporrentruy.ch\/index.php\/wp-json\/wp\/v2\/users\/1"}],"replies":[{"embeddable":true,"href":"https:\/\/budokanporrentruy.ch\/index.php\/wp-json\/wp\/v2\/comments?post=927"}],"version-history":[{"count":3,"href":"https:\/\/budokanporrentruy.ch\/index.php\/wp-json\/wp\/v2\/posts\/927\/revisions"}],"predecessor-version":[{"id":1076,"href":"https:\/\/budokanporrentruy.ch\/index.php\/wp-json\/wp\/v2\/posts\/927\/revisions\/1076"}],"wp:attachment":[{"href":"https:\/\/budokanporrentruy.ch\/index.php\/wp-json\/wp\/v2\/media?parent=927"}],"wp:term":[{"taxonomy":"category","embeddable":true,"href":"https:\/\/budokanporrentruy.ch\/index.php\/wp-json\/wp\/v2\/categories?post=927"},{"taxonomy":"post_tag","embeddable":true,"href":"https:\/\/budokanporrentruy.ch\/index.php\/wp-json\/wp\/v2\/tags?post=927"}],"curies":[{"name":"wp","href":"https:\/\/api.w.org\/{rel}","templated":true}]}}